{"id":8752,"date":"2025-05-22T12:19:01","date_gmt":"2025-05-22T16:19:01","guid":{"rendered":"https:\/\/ambsantiago.esteri.it\/?p=8752"},"modified":"2025-05-22T12:38:36","modified_gmt":"2025-05-22T16:38:36","slug":"cordoglio-per-la-morte-dellartista-claudio-di-girolamo","status":"publish","type":"post","link":"https:\/\/ambsantiago.esteri.it\/it\/news\/dall_ambasciata\/2025\/05\/cordoglio-per-la-morte-dellartista-claudio-di-girolamo\/","title":{"rendered":"CORDOGLIO PER LA MORTE DELL&#8217;ARTISTA CLAUDIO DI GIROLAMO"},"content":{"rendered":"<p>Esprimiamo il nostro pi\u00f9 sentito cordoglio per la scomparsa di Claudio Di Girolamo, straordinario regista, drammaturgo, pittore, muralista e designer, nato a Roma con cittadinanza italiana e cilena. Figura di rilievo nel panorama culturale cileno, la sua opera ha attraversato e arricchito molteplici forme d\u2019arte, lasciando un segno profondo e duraturo.<\/p>\n<p>Per l\u2019Italia \u00e8 motivo di orgoglio aver dato i natali a un artista cos\u00ec influente, che ha saputo incarnare i legami pi\u00f9 autentici e profondi tra il nostro Paese e il Cile, diventando un vero ponte culturale tra le due nazioni. Per questo motivo, Claudio Di Girolamo \u00e8 stato insignito dell\u2019onorificenza di Ufficiale dell\u2019Ordine della Stella d\u2019Italia nel 2020.<\/p>\n<p>Alla sua famiglia e a tutti coloro che lo hanno conosciuto e ammirato, esprimiamo la nostra vicinanza in questo momento di dolore.<\/p>\n","protected":false},"excerpt":{"rendered":"Esprimiamo il nostro pi\u00f9 sentito cordoglio per la scomparsa di Claudio Di Girolamo, straordinario regista, drammaturgo, pittore, muralista e designer, nato a Roma con cittadinanza italiana e cilena. Figura di rilievo nel panorama culturale cileno, la sua opera ha attraversato e arricchito molteplici forme d\u2019arte, lasciando un segno profondo e duraturo. Per l\u2019Italia \u00e8 motivo [&hellip;]","protected":false},"author":12,"featured_media":8758,"comment_status":"closed","ping_status":"closed","sticky":false,"template":"","format":"standard","meta":{"footnotes":""},"tags":[12],"class_list":["post-8752","post","type-post","status-publish","format-standard","has-post-thumbnail","hentry","tag-italiani-nel-mondo"],"_links":{"self":[{"href":"https:\/\/ambsantiago.esteri.it\/it\/wp-json\/wp\/v2\/posts\/8752","targetHints":{"allow":["GET"]}}],"collection":[{"href":"https:\/\/ambsantiago.esteri.it\/it\/wp-json\/wp\/v2\/posts"}],"about":[{"href":"https:\/\/ambsantiago.esteri.it\/it\/wp-json\/wp\/v2\/types\/post"}],"author":[{"embeddable":true,"href":"https:\/\/ambsantiago.esteri.it\/it\/wp-json\/wp\/v2\/users\/12"}],"replies":[{"embeddable":true,"href":"https:\/\/ambsantiago.esteri.it\/it\/wp-json\/wp\/v2\/comments?post=8752"}],"version-history":[{"count":1,"href":"https:\/\/ambsantiago.esteri.it\/it\/wp-json\/wp\/v2\/posts\/8752\/revisions"}],"predecessor-version":[{"id":8754,"href":"https:\/\/ambsantiago.esteri.it\/it\/wp-json\/wp\/v2\/posts\/8752\/revisions\/8754"}],"wp:featuredmedia":[{"embeddable":true,"href":"https:\/\/ambsantiago.esteri.it\/it\/wp-json\/wp\/v2\/media\/8758"}],"wp:attachment":[{"href":"https:\/\/ambsantiago.esteri.it\/it\/wp-json\/wp\/v2\/media?parent=8752"}],"wp:term":[{"taxonomy":"post_tag","embeddable":true,"href":"https:\/\/ambsantiago.esteri.it\/it\/wp-json\/wp\/v2\/tags?post=8752"}],"curies":[{"name":"wp","href":"https:\/\/api.w.org\/{rel}","templated":true}]}}