{"id":13786,"date":"2026-04-30T10:27:54","date_gmt":"2026-04-30T14:27:54","guid":{"rendered":"https:\/\/ambsantiago.esteri.it\/?p=13786"},"modified":"2026-04-30T11:30:51","modified_gmt":"2026-04-30T15:30:51","slug":"cile-missione-del-comandante-generale-dellarma-dei-carabinieri-generale-salvatore-luongo-per-il-99-anniversario-dei-carabineros-de-chile","status":"publish","type":"post","link":"https:\/\/ambsantiago.esteri.it\/it\/news\/dall_ambasciata\/2026\/04\/cile-missione-del-comandante-generale-dellarma-dei-carabinieri-generale-salvatore-luongo-per-il-99-anniversario-dei-carabineros-de-chile\/","title":{"rendered":"CILE. MISSIONE DEL COMANDANTE GENERALE DELL\u2019ARMA DEI CARABINIERI, GENERALE SALVATORE LUONGO, PER IL 99\u00b0 ANNIVERSARIO DEI CARABINEROS DE CHILE."},"content":{"rendered":"<p class=\"null1\" style=\"text-align: justify;\"><span class=\"null\"><span style=\"font-size: 16.0pt; color: #26221f;\">Il Comandante Generale dell\u2019Arma dei Carabinieri, Gen. C.A. Salvatore Luongo, si \u00e8 recato in missione in Cile per prendere parte alle celebrazioni del 99\u00b0 anniversario dei <i>Carabineros de Chile<\/i>, tenutesi luned\u00ec 27 aprile.<\/span><\/span><\/p>\n<p class=\"null1\" style=\"text-align: justify;\"><span class=\"null\"><span style=\"font-size: 16.0pt; color: #26221f;\">Durante la permanenza nel Paese, il Generale Luongo ha partecipato alle attivit\u00e0 organizzate per la ricorrenza, tra le quali l\u2019intervento del Direttore Generale dei Carabineros, Gen. Marcelo Leonardo Araya presso <span style=\"letter-spacing: .1pt;\">la Scuola Ufficiali Carabineros del Cile, dedicato alle direttrici strategiche di sviluppo dell\u2019Istituzione e al periodo di Segreteria Generale di AMERIPOL, assunta dal Cile nel febbraio 2026.<\/span><\/span><\/span><\/p>\n<p class=\"null1\" style=\"text-align: justify;\"><span class=\"null\"><span style=\"font-size: 16.0pt; color: #26221f;\">La missione si \u00e8 conclusa con un ricevimento organizzato dall\u2019Ambasciatrice d\u2019Italia in Cile, Valeria Biagiotti, presso la sua Residenza. All\u2019evento hanno preso parte numerose autorit\u00e0 di governo, tra gli altri, la Ministra della Sicurezza Pubblica Trinidad Steinert, il Procuratore Nazionale \u00c1ngel Valencia V\u00e1squez, il Procuratore Capo della Procura Supraterritoriale &#8211; recentemente inaugurata e ispirata al modello della procura antimafia italiana &#8211; Miguel \u00c1ngel Orellana, il Sottosegretario alla Sicurezza Pubblica Andr\u00e9s Jouannet Valderrama, il Sottosegretario per le Forze Armate Christian Bol\u00edvar, nonch\u00e9 il Direttore Generale dei Carabineros de Chile, Gen. Araya, insieme a numerosi esponenti delle forze dell\u2019ordine cilene, sia in ambito militare sia civile.<\/span><\/span><\/p>\n<p class=\"null1\" style=\"text-align: justify;\"><span class=\"null\"><span style=\"font-size: 16.0pt; color: #26221f;\">\u00abL\u2019amicizia tra l\u2019Arma dei Carabinieri e i <i>Carabineros de Chile<\/i> ha origini antiche, poich\u00e9 i primi regolamenti dei <i>Carabineros<\/i> si ispirarono a quelli dei Carabinieri\u00bb, ha dichiarato l\u2019Ambasciatrice Biagiotti nel corso del suo saluto istituzionale, sottolineando come Italia e Cile vantino una cooperazione ampia e strutturata, che coinvolge molteplici ambiti e attori istituzionali. \u00abIn questi anni trascorsi in Cile, ho visto crescere costantemente la fiducia, la stima e l\u2019affetto che i cileni nutrono verso i loro <i>Carabineros<\/i>: sono gli stessi sentimenti che noi italiani proviamo verso i nostri Carabinieri. Donne e uomini, in entrambi i Paesi, uniti da un profondo spirito di servizio, dal senso delle istituzioni e dalla vicinanza ai cittadini\u00bb, ha concluso, auspicando un ulteriore rafforzamento della cooperazione bilaterale nel prossimo futuro.<\/span><\/span><\/p>\n<p class=\"null1\" style=\"text-align: justify;\"><span class=\"null\"><span style=\"font-size: 16.0pt; color: #26221f;\">Auspicio condiviso anche dal Generale Luongo, che ha ringraziato i partecipanti assicurando il massimo impegno per consolidare e sviluppare ulteriormente la collaborazione tra Italia e Cile nel settore della sicurezza.<\/span><\/span><\/p>\n","protected":false},"excerpt":{"rendered":"Il Comandante Generale dell\u2019Arma dei Carabinieri, Gen. C.A. Salvatore Luongo, si \u00e8 recato in missione in Cile per prendere parte alle celebrazioni del 99\u00b0 anniversario dei Carabineros de Chile, tenutesi luned\u00ec 27 aprile. Durante la permanenza nel Paese, il Generale Luongo ha partecipato alle attivit\u00e0 organizzate per la ricorrenza, tra le quali l\u2019intervento del Direttore [&hellip;]","protected":false},"author":12,"featured_media":13795,"comment_status":"closed","ping_status":"closed","sticky":false,"template":"","format":"standard","meta":{"footnotes":""},"tags":[7,14],"class_list":["post-13786","post","type-post","status-publish","format-standard","has-post-thumbnail","hentry","tag-diplomazia-culturale","tag-politica-estera"],"_links":{"self":[{"href":"https:\/\/ambsantiago.esteri.it\/it\/wp-json\/wp\/v2\/posts\/13786","targetHints":{"allow":["GET"]}}],"collection":[{"href":"https:\/\/ambsantiago.esteri.it\/it\/wp-json\/wp\/v2\/posts"}],"about":[{"href":"https:\/\/ambsantiago.esteri.it\/it\/wp-json\/wp\/v2\/types\/post"}],"author":[{"embeddable":true,"href":"https:\/\/ambsantiago.esteri.it\/it\/wp-json\/wp\/v2\/users\/12"}],"replies":[{"embeddable":true,"href":"https:\/\/ambsantiago.esteri.it\/it\/wp-json\/wp\/v2\/comments?post=13786"}],"version-history":[{"count":1,"href":"https:\/\/ambsantiago.esteri.it\/it\/wp-json\/wp\/v2\/posts\/13786\/revisions"}],"predecessor-version":[{"id":13841,"href":"https:\/\/ambsantiago.esteri.it\/it\/wp-json\/wp\/v2\/posts\/13786\/revisions\/13841"}],"wp:featuredmedia":[{"embeddable":true,"href":"https:\/\/ambsantiago.esteri.it\/it\/wp-json\/wp\/v2\/media\/13795"}],"wp:attachment":[{"href":"https:\/\/ambsantiago.esteri.it\/it\/wp-json\/wp\/v2\/media?parent=13786"}],"wp:term":[{"taxonomy":"post_tag","embeddable":true,"href":"https:\/\/ambsantiago.esteri.it\/it\/wp-json\/wp\/v2\/tags?post=13786"}],"curies":[{"name":"wp","href":"https:\/\/api.w.org\/{rel}","templated":true}]}}