{"id":1237,"date":"2020-09-25T13:02:40","date_gmt":"2020-09-25T16:02:40","guid":{"rendered":"https:\/\/ambsantiago.esteri.it\/news\/dall_ambasciata\/2020\/09\/comunicato-dell-ambasciata-d-italia\/"},"modified":"2020-09-25T13:02:40","modified_gmt":"2020-09-25T16:02:40","slug":"comunicato-dell-ambasciata-d-italia","status":"publish","type":"post","link":"https:\/\/ambsantiago.esteri.it\/it\/news\/dall_ambasciata\/2020\/09\/comunicato-dell-ambasciata-d-italia\/","title":{"rendered":"COMUNICATO DELL\u2019AMBASCIATA D\u2019ITALIA A SANTIAGO"},"content":{"rendered":"<p>L\u2019Ambasciata d\u2019Italia a Santiago esprime costernazione per la dichiarazione del Deputato Pepe Auth il 24 settembre alla Camera dei Deputati, nella quale dichiara di aver votato senza averne diritto nelle consultazioni elettorali della Repubblica Italiana.<\/p>\n<p>La responsabilit\u00e1 personale \u00e9 il fondamento della libert\u00e1 individuale che si esprime nell\u2019esercizio del diritto di voto.<\/p>\n<p>La dichiarazione di un comportamento illegale, che il Deputato Auth qualifica come \u201caneddoto\u201d, offende le Istituzioni della Repubblica italiana e la dignita\u2019 delle migliaia di cittadini italiani residenti in Cile che esercitano liberamente e responsabilmente il loro diritto.<\/p>\n","protected":false},"excerpt":{"rendered":"L\u2019Ambasciata d\u2019Italia a Santiago esprime costernazione per la dichiarazione del Deputato Pepe Auth il 24 settembre alla Camera dei Deputati, nella quale dichiara di aver votato senza averne diritto nelle consultazioni elettorali della Repubblica Italiana. La responsabilit\u00e1 personale \u00e9 il fondamento della libert\u00e1 individuale che si esprime nell\u2019esercizio del diritto di voto. La dichiarazione di [&hellip;]","protected":false},"author":1,"featured_media":0,"comment_status":"","ping_status":"","sticky":false,"template":"","format":"standard","meta":{"footnotes":""},"tags":[],"class_list":["post-1237","post","type-post","status-publish","format-standard","hentry"],"_links":{"self":[{"href":"https:\/\/ambsantiago.esteri.it\/it\/wp-json\/wp\/v2\/posts\/1237","targetHints":{"allow":["GET"]}}],"collection":[{"href":"https:\/\/ambsantiago.esteri.it\/it\/wp-json\/wp\/v2\/posts"}],"about":[{"href":"https:\/\/ambsantiago.esteri.it\/it\/wp-json\/wp\/v2\/types\/post"}],"author":[{"embeddable":true,"href":"https:\/\/ambsantiago.esteri.it\/it\/wp-json\/wp\/v2\/users\/1"}],"replies":[{"embeddable":true,"href":"https:\/\/ambsantiago.esteri.it\/it\/wp-json\/wp\/v2\/comments?post=1237"}],"version-history":[{"count":0,"href":"https:\/\/ambsantiago.esteri.it\/it\/wp-json\/wp\/v2\/posts\/1237\/revisions"}],"wp:attachment":[{"href":"https:\/\/ambsantiago.esteri.it\/it\/wp-json\/wp\/v2\/media?parent=1237"}],"wp:term":[{"taxonomy":"post_tag","embeddable":true,"href":"https:\/\/ambsantiago.esteri.it\/it\/wp-json\/wp\/v2\/tags?post=1237"}],"curies":[{"name":"wp","href":"https:\/\/api.w.org\/{rel}","templated":true}]}}