{"id":1204,"date":"2021-02-11T21:15:26","date_gmt":"2021-02-12T00:15:26","guid":{"rendered":"https:\/\/ambsantiago.esteri.it\/news\/dall_ambasciata\/2021\/02\/youth4climate-se-parte-de-la-cop26\/"},"modified":"2021-02-11T21:15:26","modified_gmt":"2021-02-12T00:15:26","slug":"youth4climate-se-parte-de-la-cop26","status":"publish","type":"post","link":"https:\/\/ambsantiago.esteri.it\/it\/news\/dall_ambasciata\/2021\/02\/youth4climate-se-parte-de-la-cop26\/","title":{"rendered":"#Youth4Climate: se parte de la COP26!"},"content":{"rendered":"<p><em>(Contenuto disponibile solo in lingua spagnola)<\/em><\/p>\n<p><strong>Italia organizar\u00e1 del 30 de septiembre al 2 de octubre en Mil\u00e1n el evento \u201cPre-COP26\u201d, preparatorio a la 26\u00aa Conferencia de las Partes (COP26) de las Naciones Unidas sobre el Cambio Clim\u00e1tico que tendr\u00e1 lugar en Glasgow.<\/strong><br \/><strong>En el marco del partnership italo-britanico con miras a la Pre-COP26 y la COP26, se desarrollar\u00e1 un evento totalmente dedicado a los j\u00f3venes, titulado: \u201cYouth4Climate: Driving Ambition\u201d.<\/strong><\/p>\n<p>La convocatoria para participar en el evento: \u201cYouth4Climate: Driving Ambition\u201d se lanz\u00f3 el 1 de febrero y permanecer\u00e1 abierta hasta el 1 de marzo 2021.<\/p>\n<p>Cada joven (de 15 a 29 a\u00f1os) puede postularse de forma independiente para participar a trav\u00e9s de una selecci\u00f3n p\u00fablica, realizada por un comit\u00e9 especial, compuesto por la Oficina del Enviada de las Naciones Unidas para la Juventud, Children and Youth constituency to United Nations Framework Convention on Climate Change (YOUNGO) y el Ministerio del Medio Ambiente de Italia.<\/p>\n<p>\u201cYouth4Climate: Driving Ambition\u201d contar\u00e1 con la participaci\u00f3n de un m\u00e1ximo de 400 j\u00f3venes, respetando una representaci\u00f3n justa de g\u00e9nero, equilibrio geogr\u00e1fico e inclusi\u00f3n social.<\/p>\n<p>Los criterios de selecci\u00f3n contemplados premiar\u00e1n el probado activismo de los seleccionados en los temas de cambio clim\u00e1tico y desarrollo sostenible, demostrable a trav\u00e9s de un compromiso directo o con un programa\/iniciativa sobre el tema.<\/p>\n<p>Adem\u00e1s de la organizaci\u00f3n del evento, Italia correr\u00e1 con los gastos de participaci\u00f3n de los j\u00f3venes (viaje y alojamiento).<\/p>\n<p>Para formular basta con rellenar el application disponible en el sitio web: https:\/\/un.submittable.com\/submit<\/p>\n<p>El evento \u201cYouth4Climate: Driving Ambition\u201d ver\u00e1 los dos primeros d\u00edas dedicados a los grupos de trabajo tem\u00e1ticos, mientras que el tercer d\u00eda estar\u00e1 dedicado a una discusi\u00f3n entre los j\u00f3venes delegados y los Ministros que participan en la Pre-COP26.<\/p>\n<p>Entre los posibles temas a los que se enfrentar\u00e1n los j\u00f3venes: la participaci\u00f3n juvenil en los procesos de toma de decisiones relacionadas con el clima; la relaci\u00f3n entre la recuperaci\u00f3n sostenible y la implementaci\u00f3n de los objetivos del Acuerdo de Par\u00eds; el papel de los actores no gubernamentales, para examinar las cuestiones que afectan de manera m\u00e1s directa a la vida cotidiana de los j\u00f3venes (clima y seguridad alimentaria, innovaci\u00f3n, deporte y moda sostenible); educaci\u00f3n y comunicaci\u00f3n cient\u00edfica.<\/p>\n<p>Los resultados del evento \u201cYouth4Climate: Driving Ambition\u201d podr\u00e1n incorporarse a la Declaraci\u00f3n Final que se presentar\u00e1 presentar\u00e1 en la Pre-COP26.<\/p>\n<p>Para seguir el programa Youth4ClimateLive Series, v\u00e9ase https:\/\/youth4climate.live<\/p>\n","protected":false},"excerpt":{"rendered":"(Contenuto disponibile solo in lingua spagnola) Italia organizar\u00e1 del 30 de septiembre al 2 de octubre en Mil\u00e1n el evento \u201cPre-COP26\u201d, preparatorio a la 26\u00aa Conferencia de las Partes (COP26) de las Naciones Unidas sobre el Cambio Clim\u00e1tico que tendr\u00e1 lugar en Glasgow.En el marco del partnership italo-britanico con miras a la Pre-COP26 y la [&hellip;]","protected":false},"author":1,"featured_media":0,"comment_status":"","ping_status":"","sticky":false,"template":"","format":"standard","meta":{"footnotes":""},"tags":[],"class_list":["post-1204","post","type-post","status-publish","format-standard","hentry"],"_links":{"self":[{"href":"https:\/\/ambsantiago.esteri.it\/it\/wp-json\/wp\/v2\/posts\/1204","targetHints":{"allow":["GET"]}}],"collection":[{"href":"https:\/\/ambsantiago.esteri.it\/it\/wp-json\/wp\/v2\/posts"}],"about":[{"href":"https:\/\/ambsantiago.esteri.it\/it\/wp-json\/wp\/v2\/types\/post"}],"author":[{"embeddable":true,"href":"https:\/\/ambsantiago.esteri.it\/it\/wp-json\/wp\/v2\/users\/1"}],"replies":[{"embeddable":true,"href":"https:\/\/ambsantiago.esteri.it\/it\/wp-json\/wp\/v2\/comments?post=1204"}],"version-history":[{"count":0,"href":"https:\/\/ambsantiago.esteri.it\/it\/wp-json\/wp\/v2\/posts\/1204\/revisions"}],"wp:attachment":[{"href":"https:\/\/ambsantiago.esteri.it\/it\/wp-json\/wp\/v2\/media?parent=1204"}],"wp:term":[{"taxonomy":"post_tag","embeddable":true,"href":"https:\/\/ambsantiago.esteri.it\/it\/wp-json\/wp\/v2\/tags?post=1204"}],"curies":[{"name":"wp","href":"https:\/\/api.w.org\/{rel}","templated":true}]}}