{"id":11909,"date":"2026-01-12T18:27:34","date_gmt":"2026-01-12T21:27:34","guid":{"rendered":"https:\/\/ambsantiago.esteri.it\/?p=11909"},"modified":"2026-01-12T18:35:36","modified_gmt":"2026-01-12T21:35:36","slug":"servizio-prenotazione-appuntamento-per-pratiche-acquisto-cittadinanza-per-beneficio-di-legge","status":"publish","type":"post","link":"https:\/\/ambsantiago.esteri.it\/it\/news\/dall_ambasciata\/2026\/01\/servizio-prenotazione-appuntamento-per-pratiche-acquisto-cittadinanza-per-beneficio-di-legge\/","title":{"rendered":"SERVIZIO PRENOTAZIONE APPUNTAMENTO PER PRATICHE ACQUISTO CITTADINANZA PER \u201cBENEFICIO DI LEGGE\u201d"},"content":{"rendered":"<p class=\"null\" style=\"margin: 0cm;\"><span class=\"null1\"><span style=\"font-family: 'Tahoma',sans-serif;\">Si informa l\u2019utenza che a partire da luned\u00ec 19 gennaio sar\u00e0 disponibile il servizio di prenotazione appuntamento per le pratiche di acquisto della cittadinanza per \u201cbeneficio di legge\u201d (figli minori nati all\u2019estero da italiani <i>jure sanguinis<\/i> doppi cittadini). <\/span><\/span><\/p>\n<p class=\"null\" style=\"margin: 0cm;\"><span class=\"null1\"><span style=\"font-family: 'Tahoma',sans-serif;\">\u00a0<\/span><\/span><\/p>\n<p class=\"null\" style=\"margin: 0cm;\"><span class=\"null1\"><span style=\"font-family: 'Tahoma',sans-serif;\">Il servizio di prenotazione \u00e8 rivolto <u>esclusivamente<\/u> ai connazionali residenti al di <u>fuori della Regione Metropolitana<\/u>, con il fine di agevolare la prenotazione dei titoli di viaggio dei connazionali ivi residenti. I primi appuntamenti disponibili sono previsti per marted\u00ec 3 febbraio.<\/span><\/span><\/p>\n<p class=\"null\" style=\"margin: 0cm;\"><span class=\"null1\"><span style=\"font-family: 'Tahoma',sans-serif;\">\u00a0<\/span><\/span><\/p>\n<p class=\"null\" style=\"margin: 0cm;\"><span class=\"null1\"><span style=\"font-family: 'Tahoma',sans-serif;\">La prenotazione di appuntamenti si effettua online settimanalmente utilizzando la piattaforma <a href=\"https:\/\/prenotami.esteri.it\/\" target=\"_BLANK\">Prenot@mi<\/a> che apre l\u2019agenda settimanale con i posti disponibili ogni luned\u00ec, con orario aleatorio (si suggerisce di utilizzare il browser Edge) ed \u00e8 possibile accedervi anche durante la settimana per verificare la disponibilit\u00e0 di appuntamenti. In caso di un luned\u00ec festivo, il servizio si attiver\u00e0 il primo giorno lavorativo seguente. <\/span><\/span><\/p>\n<p class=\"null\" style=\"margin: 0cm;\"><span class=\"null1\"><span style=\"font-family: 'Tahoma',sans-serif;\">\u00a0<\/span><\/span><\/p>\n<p class=\"null\" style=\"margin: 0cm;\"><span class=\"null1\"><span style=\"font-family: 'Tahoma',sans-serif;\">Si raccomanda di prestare attenzione nella compilazione delle informazioni richieste e di allegare tutta la documentazione indicata.<\/span><\/span><\/p>\n<p class=\"null\" style=\"margin: 0cm;\"><span class=\"null1\"><span style=\"font-family: 'Tahoma',sans-serif;\">\u00a0<\/span><\/span><\/p>\n<p class=\"null\" style=\"margin: 0cm;\"><span class=\"null1\"><span style=\"font-family: 'Tahoma',sans-serif;\">Si informa altres\u00ec che per le categorie maggiormente vulnerabili (donne in avanzato stato di gravidanza e persone diversamente abili) ovunque residenti \u00e8 stata eccezionalmente prevista la possibilit\u00e0 di prenotare un appuntamento scrivendo un\u2019email a <a href=\"mailto:consolato.santiago@esteri.it\">consolato.santiago@esteri.it<\/a> allegando la documentazione attestante la condizione di vulnerabilit\u00e0 e copia del documento di identit\u00e0.<\/span><\/span><\/p>\n<p class=\"null\" style=\"margin: 0cm;\"><span class=\"null1\"><span style=\"font-family: 'Tahoma',sans-serif;\"><br \/>\n<\/span><\/span>\u00a0Maggiori informazioni al\u00a0 link <a href=\"https:\/\/ambsantiago.esteri.it\/it\/servizi-consolari-e-visti\/servizi-per-il-cittadino-straniero\/cittadinanza\/acquisto-della-cittadinanza-per-beneficio-di-legge-figli-minori-nati-allestero-da-cittadini-italiani-jure-sanguinis-doppi-cittadini\/\">Acquisto della cittadinanza per \u201cbeneficio di legge\u201d (figli minori nati all\u2019estero da italiani jure sanguinis doppi cittadini) \u2013 Ambasciata d&#8217; Italia Santiago<\/a><\/p>\n<p class=\"null\" style=\"margin: 0cm;\"><span class=\"null1\"><span style=\"font-family: 'Tahoma',sans-serif;\">\u00a0<\/span><\/span><\/p>\n","protected":false},"excerpt":{"rendered":"Si informa l\u2019utenza che a partire da luned\u00ec 19 gennaio sar\u00e0 disponibile il servizio di prenotazione appuntamento per le pratiche di acquisto della cittadinanza per \u201cbeneficio di legge\u201d (figli minori nati all\u2019estero da italiani jure sanguinis doppi cittadini). \u00a0 Il servizio di prenotazione \u00e8 rivolto esclusivamente ai connazionali residenti al di fuori della Regione Metropolitana, [&hellip;]","protected":false},"author":12,"featured_media":11912,"comment_status":"closed","ping_status":"closed","sticky":false,"template":"","format":"standard","meta":{"footnotes":""},"tags":[12],"class_list":["post-11909","post","type-post","status-publish","format-standard","has-post-thumbnail","hentry","tag-italiani-nel-mondo"],"_links":{"self":[{"href":"https:\/\/ambsantiago.esteri.it\/it\/wp-json\/wp\/v2\/posts\/11909","targetHints":{"allow":["GET"]}}],"collection":[{"href":"https:\/\/ambsantiago.esteri.it\/it\/wp-json\/wp\/v2\/posts"}],"about":[{"href":"https:\/\/ambsantiago.esteri.it\/it\/wp-json\/wp\/v2\/types\/post"}],"author":[{"embeddable":true,"href":"https:\/\/ambsantiago.esteri.it\/it\/wp-json\/wp\/v2\/users\/12"}],"replies":[{"embeddable":true,"href":"https:\/\/ambsantiago.esteri.it\/it\/wp-json\/wp\/v2\/comments?post=11909"}],"version-history":[{"count":2,"href":"https:\/\/ambsantiago.esteri.it\/it\/wp-json\/wp\/v2\/posts\/11909\/revisions"}],"predecessor-version":[{"id":11932,"href":"https:\/\/ambsantiago.esteri.it\/it\/wp-json\/wp\/v2\/posts\/11909\/revisions\/11932"}],"wp:featuredmedia":[{"embeddable":true,"href":"https:\/\/ambsantiago.esteri.it\/it\/wp-json\/wp\/v2\/media\/11912"}],"wp:attachment":[{"href":"https:\/\/ambsantiago.esteri.it\/it\/wp-json\/wp\/v2\/media?parent=11909"}],"wp:term":[{"taxonomy":"post_tag","embeddable":true,"href":"https:\/\/ambsantiago.esteri.it\/it\/wp-json\/wp\/v2\/tags?post=11909"}],"curies":[{"name":"wp","href":"https:\/\/api.w.org\/{rel}","templated":true}]}}