{"id":11086,"date":"2025-10-28T16:02:52","date_gmt":"2025-10-28T19:02:52","guid":{"rendered":"https:\/\/ambsantiago.esteri.it\/?p=11086"},"modified":"2025-10-28T16:18:07","modified_gmt":"2025-10-28T19:18:07","slug":"invito-a-manifestazione-di-interesse-per-la-partecipazione-alle-attivita-della-x-settimana-della-cucina-italiana-nel-mondo-17-23-novembre-2025","status":"publish","type":"post","link":"https:\/\/ambsantiago.esteri.it\/it\/news\/dall_ambasciata\/2025\/10\/invito-a-manifestazione-di-interesse-per-la-partecipazione-alle-attivita-della-x-settimana-della-cucina-italiana-nel-mondo-17-23-novembre-2025\/","title":{"rendered":"INVITO A MANIFESTAZIONE DI INTERESSE PER LA PARTECIPAZIONE ALLE ATTIVITA\u2019 DELLA X SETTIMANA DELLA CUCINA ITALIANA NEL MONDO (17-23 NOVEMBRE 2025)"},"content":{"rendered":"<p>Si invitano i ristoratori e gli importatori italiani di prodotti alimentari a manifestare il proprio interesse a prendere parte alle attivit\u00e1 in programma della <strong>X Settimana della Cucina Italiana nel Mondo che si realizzer\u00e1 dal 17 al 23 novembre 2025<\/strong> a Santiago con alcuni eventi aperti al pubblico presso il <strong>Barrio Italia (22-23 novembre)<\/strong>.<\/p>\n<p>Per conoscere il programma delle attivit\u00e1 e le modalit\u00e1 di partecipazione \u00e8 necessario inviare una mail a <a href=\"mailto:ambsantiago.commerciale@esteri.it\u00a0\">ambsantiago.commerciale@esteri.it\u00a0<\/a> specificando nell\u2019oggetto: Settimana della Cucina Italiana nel Mondo 2025.<\/p>\n<p>Le richieste di collaborazione saranno soggette a valutazione per l\u2019accettazione.<\/p>\n","protected":false},"excerpt":{"rendered":"Si invitano i ristoratori e gli importatori italiani di prodotti alimentari a manifestare il proprio interesse a prendere parte alle attivit\u00e1 in programma della X Settimana della Cucina Italiana nel Mondo che si realizzer\u00e1 dal 17 al 23 novembre 2025 a Santiago con alcuni eventi aperti al pubblico presso il Barrio Italia (22-23 novembre). Per [&hellip;]","protected":false},"author":5,"featured_media":11107,"comment_status":"closed","ping_status":"closed","sticky":false,"template":"","format":"standard","meta":{"footnotes":""},"tags":[],"class_list":["post-11086","post","type-post","status-publish","format-standard","has-post-thumbnail","hentry"],"_links":{"self":[{"href":"https:\/\/ambsantiago.esteri.it\/it\/wp-json\/wp\/v2\/posts\/11086","targetHints":{"allow":["GET"]}}],"collection":[{"href":"https:\/\/ambsantiago.esteri.it\/it\/wp-json\/wp\/v2\/posts"}],"about":[{"href":"https:\/\/ambsantiago.esteri.it\/it\/wp-json\/wp\/v2\/types\/post"}],"author":[{"embeddable":true,"href":"https:\/\/ambsantiago.esteri.it\/it\/wp-json\/wp\/v2\/users\/5"}],"replies":[{"embeddable":true,"href":"https:\/\/ambsantiago.esteri.it\/it\/wp-json\/wp\/v2\/comments?post=11086"}],"version-history":[{"count":1,"href":"https:\/\/ambsantiago.esteri.it\/it\/wp-json\/wp\/v2\/posts\/11086\/revisions"}],"predecessor-version":[{"id":11095,"href":"https:\/\/ambsantiago.esteri.it\/it\/wp-json\/wp\/v2\/posts\/11086\/revisions\/11095"}],"wp:featuredmedia":[{"embeddable":true,"href":"https:\/\/ambsantiago.esteri.it\/it\/wp-json\/wp\/v2\/media\/11107"}],"wp:attachment":[{"href":"https:\/\/ambsantiago.esteri.it\/it\/wp-json\/wp\/v2\/media?parent=11086"}],"wp:term":[{"taxonomy":"post_tag","embeddable":true,"href":"https:\/\/ambsantiago.esteri.it\/it\/wp-json\/wp\/v2\/tags?post=11086"}],"curies":[{"name":"wp","href":"https:\/\/api.w.org\/{rel}","templated":true}]}}