{"id":8755,"date":"2025-05-22T12:19:01","date_gmt":"2025-05-22T16:19:01","guid":{"rendered":"https:\/\/ambsantiago.esteri.it\/news\/dall_ambasciata\/2025\/05\/cordoglio-per-la-morte-dellartista-claudio-di-girolamo\/"},"modified":"2025-05-22T12:39:04","modified_gmt":"2025-05-22T16:39:04","slug":"cordoglio-per-la-morte-dellartista-claudio-di-girolamo","status":"publish","type":"post","link":"https:\/\/ambsantiago.esteri.it\/es\/news\/dall_ambasciata\/2025\/05\/cordoglio-per-la-morte-dellartista-claudio-di-girolamo\/","title":{"rendered":"CONDOLENCIAS POR EL FALLECIMIENTO DEL ARTISTA CLAUDIO DI GIROLAMO"},"content":{"rendered":"<p>Expresamos nuestro m\u00e1s sentido p\u00e9same por el fallecimiento de Claudio Di Girolamo, extraordinario director, dramaturgo, pintor, muralista y dise\u00f1ador nacido en Roma con nacionalidad italiana y chilena. Figura destacada en el panorama cultural chileno, su obra abarc\u00f3 y enriqueci\u00f3 m\u00faltiples formas de arte, dejando una huella profunda y duradera.<\/p>\n<p>Para Italia, es motivo de orgullo haber dado origen a un artista tan influyente, que supo encarnar los lazos m\u00e1s aut\u00e9nticos y profundos entre nuestro pa\u00eds y Chile, convirti\u00e9ndose en un verdadero puente cultural entre ambas naciones. Por este motivo, Claudio Di Girolamo fue condecorado con la distinci\u00f3n de Ufficiale dell\u2019Ordine della Stella d\u2019Italia en 2020.<\/p>\n<p>A su familia y a todos quienes lo conocieron y admiraron, extendemos nuestra cercan\u00eda en este momento de dolor.<\/p>\n","protected":false},"excerpt":{"rendered":"Expresamos nuestro m\u00e1s sentido p\u00e9same por el fallecimiento de Claudio Di Girolamo, extraordinario director, dramaturgo, pintor, muralista y dise\u00f1ador nacido en Roma con nacionalidad italiana y chilena. Figura destacada en el panorama cultural chileno, su obra abarc\u00f3 y enriqueci\u00f3 m\u00faltiples formas de arte, dejando una huella profunda y duradera. Para Italia, es motivo de orgullo [&hellip;]","protected":false},"author":12,"featured_media":8761,"comment_status":"closed","ping_status":"closed","sticky":false,"template":"","format":"standard","meta":{"footnotes":""},"tags":[12],"class_list":["post-8755","post","type-post","status-publish","format-standard","has-post-thumbnail","hentry","tag-italiani-nel-mondo"],"_links":{"self":[{"href":"https:\/\/ambsantiago.esteri.it\/es\/wp-json\/wp\/v2\/posts\/8755","targetHints":{"allow":["GET"]}}],"collection":[{"href":"https:\/\/ambsantiago.esteri.it\/es\/wp-json\/wp\/v2\/posts"}],"about":[{"href":"https:\/\/ambsantiago.esteri.it\/es\/wp-json\/wp\/v2\/types\/post"}],"author":[{"embeddable":true,"href":"https:\/\/ambsantiago.esteri.it\/es\/wp-json\/wp\/v2\/users\/12"}],"replies":[{"embeddable":true,"href":"https:\/\/ambsantiago.esteri.it\/es\/wp-json\/wp\/v2\/comments?post=8755"}],"version-history":[{"count":1,"href":"https:\/\/ambsantiago.esteri.it\/es\/wp-json\/wp\/v2\/posts\/8755\/revisions"}],"predecessor-version":[{"id":8756,"href":"https:\/\/ambsantiago.esteri.it\/es\/wp-json\/wp\/v2\/posts\/8755\/revisions\/8756"}],"wp:featuredmedia":[{"embeddable":true,"href":"https:\/\/ambsantiago.esteri.it\/es\/wp-json\/wp\/v2\/media\/8761"}],"wp:attachment":[{"href":"https:\/\/ambsantiago.esteri.it\/es\/wp-json\/wp\/v2\/media?parent=8755"}],"wp:term":[{"taxonomy":"post_tag","embeddable":true,"href":"https:\/\/ambsantiago.esteri.it\/es\/wp-json\/wp\/v2\/tags?post=8755"}],"curies":[{"name":"wp","href":"https:\/\/api.w.org\/{rel}","templated":true}]}}