{"id":4033,"date":"2024-06-20T13:10:19","date_gmt":"2024-06-20T17:10:19","guid":{"rendered":"https:\/\/ambsantiago.esteri.it\/?p=4033"},"modified":"2024-06-20T21:15:15","modified_gmt":"2024-06-21T01:15:15","slug":"reunion-de-la-embajadora-valeria-biagiotti-con-el-tribunal-constitucional-de-chile","status":"publish","type":"post","link":"https:\/\/ambsantiago.esteri.it\/es\/news\/dall_ambasciata\/2024\/06\/reunion-de-la-embajadora-valeria-biagiotti-con-el-tribunal-constitucional-de-chile\/","title":{"rendered":"Reuni\u00f3n de la Embajadora Valeria Biagiotti con la Presidenta del Tribunal Constitucional chileno, Nancy Y\u00e1\u00f1ez Fuenzalida"},"content":{"rendered":"<p style=\"text-align: justify;\">La Embajadora Valeria Biagiotti tuvo un encuentro con la Presidenta del Tribunal Constitucional chileno, Nancy Y\u00e1\u00f1ez Fuenzalida, a la que asistieron la Segunda Secretaria de la Embajada, Althea Cenciarelli y los Ministros y Ministras Mar\u00eda P\u00eda Silva, Miguel \u00c1ngel Fern\u00e1ndez, Daniela Marzi, Ra\u00fal Mera y Alejandra Precht.<\/p>\n<p style=\"text-align: justify;\">Entre los temas abordados estuvieron el trabajo realizado por el Tribunal Constitucional en sus distintas \u00e1reas de competencia y los principales desaf\u00edos que han surgido en los \u00faltimos procesos democr\u00e1ticos, as\u00ed como las futuras iniciativas a emprender para consolidar la cooperaci\u00f3n entre Italia y Chile, incluyendo la posibilidad de encuentros entre Tribunales Constitucionales para fomentar el di\u00e1logo desde una perspectiva comparada y el intercambio de buenas pr\u00e1cticas.<\/p>\n","protected":false},"excerpt":{"rendered":"La Embajadora Valeria Biagiotti tuvo un encuentro con la Presidenta del Tribunal Constitucional chileno, Nancy Y\u00e1\u00f1ez Fuenzalida, a la que asistieron la Segunda Secretaria de la Embajada, Althea Cenciarelli y los Ministros y Ministras Mar\u00eda P\u00eda Silva, Miguel \u00c1ngel Fern\u00e1ndez, Daniela Marzi, Ra\u00fal Mera y Alejandra Precht. Entre los temas abordados estuvieron el trabajo realizado [&hellip;]","protected":false},"author":12,"featured_media":4043,"comment_status":"closed","ping_status":"closed","sticky":false,"template":"","format":"standard","meta":{"footnotes":""},"tags":[14],"class_list":["post-4033","post","type-post","status-publish","format-standard","has-post-thumbnail","hentry","tag-politica-estera"],"_links":{"self":[{"href":"https:\/\/ambsantiago.esteri.it\/es\/wp-json\/wp\/v2\/posts\/4033","targetHints":{"allow":["GET"]}}],"collection":[{"href":"https:\/\/ambsantiago.esteri.it\/es\/wp-json\/wp\/v2\/posts"}],"about":[{"href":"https:\/\/ambsantiago.esteri.it\/es\/wp-json\/wp\/v2\/types\/post"}],"author":[{"embeddable":true,"href":"https:\/\/ambsantiago.esteri.it\/es\/wp-json\/wp\/v2\/users\/12"}],"replies":[{"embeddable":true,"href":"https:\/\/ambsantiago.esteri.it\/es\/wp-json\/wp\/v2\/comments?post=4033"}],"version-history":[{"count":5,"href":"https:\/\/ambsantiago.esteri.it\/es\/wp-json\/wp\/v2\/posts\/4033\/revisions"}],"predecessor-version":[{"id":4078,"href":"https:\/\/ambsantiago.esteri.it\/es\/wp-json\/wp\/v2\/posts\/4033\/revisions\/4078"}],"wp:featuredmedia":[{"embeddable":true,"href":"https:\/\/ambsantiago.esteri.it\/es\/wp-json\/wp\/v2\/media\/4043"}],"wp:attachment":[{"href":"https:\/\/ambsantiago.esteri.it\/es\/wp-json\/wp\/v2\/media?parent=4033"}],"wp:term":[{"taxonomy":"post_tag","embeddable":true,"href":"https:\/\/ambsantiago.esteri.it\/es\/wp-json\/wp\/v2\/tags?post=4033"}],"curies":[{"name":"wp","href":"https:\/\/api.w.org\/{rel}","templated":true}]}}