{"id":3741,"date":"2024-06-06T10:52:02","date_gmt":"2024-06-06T14:52:02","guid":{"rendered":"https:\/\/ambsantiago.esteri.it\/?p=3741"},"modified":"2024-06-13T15:14:09","modified_gmt":"2024-06-13T19:14:09","slug":"alerta-meteorologica-en-el-centro-sur-de-chile","status":"publish","type":"post","link":"https:\/\/ambsantiago.esteri.it\/es\/news\/dall_ambasciata\/2024\/06\/alerta-meteorologica-en-el-centro-sur-de-chile\/","title":{"rendered":"Alerta Meteorol\u00f3gica en el Centro-Sur de Chile"},"content":{"rendered":"<p>Un cicl\u00f3n extratropical est\u00e1 afectando al centro-sur del pa\u00eds, con fuertes rachas de viento y lluvias torrenciales. Existe riesgo potencial de ca\u00edda de \u00e1rboles, cables de alta tensi\u00f3n, inundaciones y fuertes marejadas en la costa.<\/p>\n<p>Por lo tanto, se recomienda extrema prudencia, especialmente en la Regi\u00f3n Metropolitana, Valpara\u00edso, Biob\u00edo, Maule, Araucan\u00eda y Los R\u00edos.<\/p>\n<p>Se invita a los connacionales a extremar las precauciones, seguir las instrucciones de las autoridades locales y monitorear la situaci\u00f3n meteorol\u00f3gica a trav\u00e9s del sitio web https:\/\/www.senapred.cl\/informate\/alertas y de los medios de comunicaci\u00f3n locales.<\/p>\n<p>Para comunicaciones de emergencia graves, la Embajada de Italia en Santiago est\u00e1 disponible en 0056978098998.<\/p>\n<p>Se invita a todos los ciudadanos italianos que viajen al pa\u00eds a informar de su itinerario y registrar sus referencias en el sitio web <strong><a href=\"https:\/\/www.dovesiamonelmondo.it\/home.html\">Dove siamo nel Mondo<\/a>.<\/strong><\/p>\n","protected":false},"excerpt":{"rendered":"Un cicl\u00f3n extratropical est\u00e1 afectando al centro-sur del pa\u00eds, con fuertes rachas de viento y lluvias torrenciales. Existe riesgo potencial de ca\u00edda de \u00e1rboles, cables de alta tensi\u00f3n, inundaciones y fuertes marejadas en la costa. Por lo tanto, se recomienda extrema prudencia, especialmente en la Regi\u00f3n Metropolitana, Valpara\u00edso, Biob\u00edo, Maule, Araucan\u00eda y Los R\u00edos. Se [&hellip;]","protected":false},"author":12,"featured_media":3875,"comment_status":"closed","ping_status":"closed","sticky":false,"template":"","format":"standard","meta":{"footnotes":""},"tags":[],"class_list":["post-3741","post","type-post","status-publish","format-standard","has-post-thumbnail","hentry"],"_links":{"self":[{"href":"https:\/\/ambsantiago.esteri.it\/es\/wp-json\/wp\/v2\/posts\/3741","targetHints":{"allow":["GET"]}}],"collection":[{"href":"https:\/\/ambsantiago.esteri.it\/es\/wp-json\/wp\/v2\/posts"}],"about":[{"href":"https:\/\/ambsantiago.esteri.it\/es\/wp-json\/wp\/v2\/types\/post"}],"author":[{"embeddable":true,"href":"https:\/\/ambsantiago.esteri.it\/es\/wp-json\/wp\/v2\/users\/12"}],"replies":[{"embeddable":true,"href":"https:\/\/ambsantiago.esteri.it\/es\/wp-json\/wp\/v2\/comments?post=3741"}],"version-history":[{"count":6,"href":"https:\/\/ambsantiago.esteri.it\/es\/wp-json\/wp\/v2\/posts\/3741\/revisions"}],"predecessor-version":[{"id":3879,"href":"https:\/\/ambsantiago.esteri.it\/es\/wp-json\/wp\/v2\/posts\/3741\/revisions\/3879"}],"wp:featuredmedia":[{"embeddable":true,"href":"https:\/\/ambsantiago.esteri.it\/es\/wp-json\/wp\/v2\/media\/3875"}],"wp:attachment":[{"href":"https:\/\/ambsantiago.esteri.it\/es\/wp-json\/wp\/v2\/media?parent=3741"}],"wp:term":[{"taxonomy":"post_tag","embeddable":true,"href":"https:\/\/ambsantiago.esteri.it\/es\/wp-json\/wp\/v2\/tags?post=3741"}],"curies":[{"name":"wp","href":"https:\/\/api.w.org\/{rel}","templated":true}]}}