{"id":3511,"date":"2024-05-30T17:23:47","date_gmt":"2024-05-30T21:23:47","guid":{"rendered":"https:\/\/ambsantiago.esteri.it\/news\/dall_ambasciata\/2024\/05\/lambasciata-in-cile-celebra-la-festa-della-repubblica-italiana\/"},"modified":"2024-05-30T17:47:24","modified_gmt":"2024-05-30T21:47:24","slug":"lambasciata-in-cile-celebra-la-festa-della-repubblica-italiana","status":"publish","type":"post","link":"https:\/\/ambsantiago.esteri.it\/es\/news\/dall_ambasciata\/2024\/05\/lambasciata-in-cile-celebra-la-festa-della-repubblica-italiana\/","title":{"rendered":"La Embajada en Chile celebra el D\u00eda de la Rep\u00fablica Italiana"},"content":{"rendered":"<p>La noche del 29 de mayo, en el marco hist\u00f3rico de la Residencia de la Embajada de Italia en Chile, se celebr\u00f3 una recepci\u00f3n con motivo del D\u00eda de la Rep\u00fablica Italiana. Al evento asistieron m\u00e1s de 600 invitados, entre representantes institucionales y de la comunidad italiana empresarial, acad\u00e9mica, cultural y residente. Una comunidad que hoy cuenta oficialmente con m\u00e1s de 82.000 personas, aunque se estima que hay alrededor de 500.000 personas de origen italiano.<\/p>\n<p>El aniversario fue una oportunidad para que la Embajadora Valeria Biagiotti renovara los fuertes lazos de amistad entre Italia y Chile, pa\u00edses unidos por una s\u00f3lida cooperaci\u00f3n bilateral en todos los niveles. Un entendimiento que refleja una comuni\u00f3n de intereses y valores, tambi\u00e9n en el marco de la Uni\u00f3n Europea.<\/p>\n<p>Precisamente por los valores compartidos y a la luz de la importancia del tema de la transici\u00f3n ecol\u00f3gica para nuestros dos pa\u00edses.\u00a0La Embajadora Biagiotti eligi\u00f3 dedicar el evento a la sostenibilidad, y recordarnos as\u00ed que \u00abnuestro estilo de vida debe permitir la protecci\u00f3n del medio ambiente, la biodiversidad y los ecosistemas, tambi\u00e9n en inter\u00e9s de las generaciones futuras\u00bb.<\/p>\n<p>\u00abChile, Italia y la Uni\u00f3n Europea tienen un patrimonio hist\u00f3rico, cultural y de principios com\u00fan que es invaluable\u00bb, dijo la Embajadora en su discurso inaugural, recordando dos momentos importantes durante su primer a\u00f1o en el cargo: la visita oficial a Chile del Presidente de la Rep\u00fablica Italiana, Sergio Mattarella, en julio de 2023 y la firma en diciembre pasado del Acuerdo Marco Avanzado entre la Uni\u00f3n Europea y Chile. Un acuerdo que, una vez ratificado, traer\u00e1 beneficios mutuos en t\u00e9rminos de cooperaci\u00f3n pol\u00edtica y econ\u00f3mica. La Embajadora se detuvo especialmente en los beneficios que el Acuerdo aportar\u00e1 en materia de protecci\u00f3n de las denominaciones de origen e indicaciones geogr\u00e1ficas, que representan no s\u00f3lo un recurso econ\u00f3mico, sino tambi\u00e9n -y sobre todo- una valiosa herramienta para preservar la identidad territorial y las tradiciones. Precisamente por este motivo, durante el Festival, que brind\u00f3 la oportunidad de destacar la excelencia italiana en todos los sectores, incluido el gastron\u00f3mico, tambi\u00e9n se organiz\u00f3 una degustaci\u00f3n protagonizada por el Parmigiano Reggiano, un tesoro de la tradici\u00f3n italiana que Chile ha reconocido registrando su denominaci\u00f3n de origen en 2019. Numerosos patrocinadores contribuyeron al \u00e9xito de la velada, poniendo de relieve la fuerza del Sistema Italia en Chile, fuertemente integrado en la estructura econ\u00f3mica del pa\u00eds.<\/p>\n","protected":false},"excerpt":{"rendered":"La noche del 29 de mayo, en el marco hist\u00f3rico de la Residencia de la Embajada de Italia en Chile, se celebr\u00f3 una recepci\u00f3n con motivo del D\u00eda de la Rep\u00fablica Italiana. Al evento asistieron m\u00e1s de 600 invitados, entre representantes institucionales y de la comunidad italiana empresarial, acad\u00e9mica, cultural y residente. Una comunidad que [&hellip;]","protected":false},"author":12,"featured_media":3459,"comment_status":"closed","ping_status":"closed","sticky":false,"template":"","format":"standard","meta":{"footnotes":""},"tags":[7,14],"class_list":["post-3511","post","type-post","status-publish","format-standard","has-post-thumbnail","hentry","tag-diplomazia-culturale","tag-politica-estera"],"_links":{"self":[{"href":"https:\/\/ambsantiago.esteri.it\/es\/wp-json\/wp\/v2\/posts\/3511","targetHints":{"allow":["GET"]}}],"collection":[{"href":"https:\/\/ambsantiago.esteri.it\/es\/wp-json\/wp\/v2\/posts"}],"about":[{"href":"https:\/\/ambsantiago.esteri.it\/es\/wp-json\/wp\/v2\/types\/post"}],"author":[{"embeddable":true,"href":"https:\/\/ambsantiago.esteri.it\/es\/wp-json\/wp\/v2\/users\/12"}],"replies":[{"embeddable":true,"href":"https:\/\/ambsantiago.esteri.it\/es\/wp-json\/wp\/v2\/comments?post=3511"}],"version-history":[{"count":3,"href":"https:\/\/ambsantiago.esteri.it\/es\/wp-json\/wp\/v2\/posts\/3511\/revisions"}],"predecessor-version":[{"id":3521,"href":"https:\/\/ambsantiago.esteri.it\/es\/wp-json\/wp\/v2\/posts\/3511\/revisions\/3521"}],"wp:featuredmedia":[{"embeddable":true,"href":"https:\/\/ambsantiago.esteri.it\/es\/wp-json\/wp\/v2\/media\/3459"}],"wp:attachment":[{"href":"https:\/\/ambsantiago.esteri.it\/es\/wp-json\/wp\/v2\/media?parent=3511"}],"wp:term":[{"taxonomy":"post_tag","embeddable":true,"href":"https:\/\/ambsantiago.esteri.it\/es\/wp-json\/wp\/v2\/tags?post=3511"}],"curies":[{"name":"wp","href":"https:\/\/api.w.org\/{rel}","templated":true}]}}