{"id":3103,"date":"2024-05-02T17:18:47","date_gmt":"2024-05-02T21:18:47","guid":{"rendered":"https:\/\/ambsantiago.esteri.it\/?p=3103"},"modified":"2024-05-02T17:49:59","modified_gmt":"2024-05-02T21:49:59","slug":"el-amerigo-vespucci-ha-dejado-valparaiso-para-continuar-su-vuelta-al-mundo","status":"publish","type":"post","link":"https:\/\/ambsantiago.esteri.it\/es\/news\/dall_ambasciata\/2024\/05\/el-amerigo-vespucci-ha-dejado-valparaiso-para-continuar-su-vuelta-al-mundo\/","title":{"rendered":"El Amerigo Vespucci ha dejado Valpara\u00edso para continuar su vuelta al mundo"},"content":{"rendered":"<p>El Amerigo Vespucci, joya de la Marina Militar Italiana, ha dejado\u00a0 Valpara\u00edso para continuar su gira mundial que comenz\u00f3 en 2023 y finalizar\u00e1 en 2025. El buque m\u00e1s bello del mundo, considerado una verdadera \u00abembajada flotante\u00bb, recal\u00f3 por primera vez en su historia en Chile, alcanzando la cifra r\u00e9cord de m\u00e1s de 22.000 visitantes durante los cinco d\u00edas que permaneci\u00f3 en el Molo de Abrigo.<\/p>\n<p>Su estad\u00eda en la ciudad portuaria dio el pistoletazo de salida a las actividades culturales y promocionales organizadas por la Embajada de Italia y el Instituto Italiano de Cultura, que comenzaron con la inauguraci\u00f3n de la exposici\u00f3n \u00abSiamo Mare. Italia Paesaggio Costiero\u00bb, en el Museo Mar\u00edtimo Nacional de Valpara\u00edso -disponible hasta el 31 de mayo-, para continuar con la Conferencia sobre Biodiversidad Marina en la Pontificia Universidad Cat\u00f3lica de Valpara\u00edso, enriquecida con la exposici\u00f3n de 15 im\u00e1genes de fot\u00f3grafos italianos en el marco de la muestra \u00abSiamo mare. La bellezza del mare, la biodiversit\u00e0 e la sostenibilit\u00e0 ambientale\u00bb. Para la ocasi\u00f3n, se organiz\u00f3 un concierto de m\u00fasica de \u00f3pera italiana en el marco hist\u00f3rico del Museo Palacio Vergara de Vi\u00f1a del Mar, dise\u00f1ado por un arquitecto italiano a principios del siglo XX.<\/p>\n<p>El 1 de mayo se realiz\u00f3 en la sede Vi\u00f1a del Mar de la Escuela Italiana Arturo Dell&#8217;Oro el evento de presentaci\u00f3n de Italea, programa que busca ayudar a los descendientes de italianos en el mundo a reconectarse con los lugares de origen de sus ancestros. \u00ab2024 es el a\u00f1o de las ra\u00edces italianas en el mundo y con este evento queremos recordar a nuestra comunidad italiana en Chile el ambicioso proyecto de Turismo de Ra\u00edces. Donde quiera que vayamos los italianos, llevamos nuestra cultura, nuestras tradiciones, los colores y sabores de nuestra Italia. Redescubrir nuestras ra\u00edces sirve entonces para hacer m\u00e1s vivos esos colores y m\u00e1s intensos esos sabores\u00bb, dijo la Embajadora de Italia en Chile, Valeria Biagiotti, en su discurso inaugural.<\/p>\n<p>&nbsp;<\/p>\n<p>&nbsp;<\/p>\n","protected":false},"excerpt":{"rendered":"El Amerigo Vespucci, joya de la Marina Militar Italiana, ha dejado\u00a0 Valpara\u00edso para continuar su gira mundial que comenz\u00f3 en 2023 y finalizar\u00e1 en 2025. El buque m\u00e1s bello del mundo, considerado una verdadera \u00abembajada flotante\u00bb, recal\u00f3 por primera vez en su historia en Chile, alcanzando la cifra r\u00e9cord de m\u00e1s de 22.000 visitantes durante [&hellip;]","protected":false},"author":5,"featured_media":3083,"comment_status":"closed","ping_status":"closed","sticky":false,"template":"","format":"standard","meta":{"footnotes":""},"tags":[],"class_list":["post-3103","post","type-post","status-publish","format-standard","has-post-thumbnail","hentry"],"_links":{"self":[{"href":"https:\/\/ambsantiago.esteri.it\/es\/wp-json\/wp\/v2\/posts\/3103","targetHints":{"allow":["GET"]}}],"collection":[{"href":"https:\/\/ambsantiago.esteri.it\/es\/wp-json\/wp\/v2\/posts"}],"about":[{"href":"https:\/\/ambsantiago.esteri.it\/es\/wp-json\/wp\/v2\/types\/post"}],"author":[{"embeddable":true,"href":"https:\/\/ambsantiago.esteri.it\/es\/wp-json\/wp\/v2\/users\/5"}],"replies":[{"embeddable":true,"href":"https:\/\/ambsantiago.esteri.it\/es\/wp-json\/wp\/v2\/comments?post=3103"}],"version-history":[{"count":1,"href":"https:\/\/ambsantiago.esteri.it\/es\/wp-json\/wp\/v2\/posts\/3103\/revisions"}],"predecessor-version":[{"id":3104,"href":"https:\/\/ambsantiago.esteri.it\/es\/wp-json\/wp\/v2\/posts\/3103\/revisions\/3104"}],"wp:featuredmedia":[{"embeddable":true,"href":"https:\/\/ambsantiago.esteri.it\/es\/wp-json\/wp\/v2\/media\/3083"}],"wp:attachment":[{"href":"https:\/\/ambsantiago.esteri.it\/es\/wp-json\/wp\/v2\/media?parent=3103"}],"wp:term":[{"taxonomy":"post_tag","embeddable":true,"href":"https:\/\/ambsantiago.esteri.it\/es\/wp-json\/wp\/v2\/tags?post=3103"}],"curies":[{"name":"wp","href":"https:\/\/api.w.org\/{rel}","templated":true}]}}