{"id":15688,"date":"2026-09-03T09:55:58","date_gmt":"2026-09-03T13:55:58","guid":{"rendered":"https:\/\/ambsantiago.esteri.it\/?p=15688"},"modified":"2026-09-03T09:59:12","modified_gmt":"2026-09-03T13:59:12","slug":"convocatoria-de-las-elecciones-de-los-comites-3-de-septiembre-de-2026","status":"publish","type":"post","link":"https:\/\/ambsantiago.esteri.it\/es\/news\/dall_ambasciata\/2026\/09\/convocatoria-de-las-elecciones-de-los-comites-3-de-septiembre-de-2026\/","title":{"rendered":"CONVOCATORIA DE LAS ELECCIONES DE LOS COMITES &#8211; 3 DE SEPTIEMBRE DE 2026"},"content":{"rendered":"<p>Mediante el <a href=\"https:\/\/ambsantiago.esteri.it\/wp-content\/uploads\/2026\/09\/Decreto-35-2026-Indizione-elezioni-Comites-2026.pdf\">Decreto consular n. 35\/2026<\/a> de la Jefa de la Canciller\u00eda Consular de la Embajada de Italia en Santiago, se convocan las elecciones para la constituci\u00f3n y renovaci\u00f3n del Comit\u00e9 de Italianos en el Extranjero de Santiago de Chile.<\/p>\n<p>La fecha de las elecciones se fija para el 4 de diciembre de 2026. Dicha fecha corresponde al \u00faltimo d\u00eda \u00fatil para hacer llegar a la sede consular de referencia el sobre que contenga la papeleta electoral votada.<\/p>\n<p>Para participar en la votaci\u00f3n es necesario inscribirse en el listado electoral de la sede consular de referencia, presentando la <u>solicitud correspondiente a m\u00e1s tardar el 4 de noviembre de 2026<\/u>.<\/p>\n<p>El comit\u00e9 que se elegir\u00e1 estar\u00e1 compuesto por 12 miembros, en funci\u00f3n del n\u00famero de italianos residentes. Mediante el citado Decreto se crea tambi\u00e9n la Oficina electoral encargada de las operaciones electorales.<\/p>\n","protected":false},"excerpt":{"rendered":"Mediante el Decreto consular n. 35\/2026 de la Jefa de la Canciller\u00eda Consular de la Embajada de Italia en Santiago, se convocan las elecciones para la constituci\u00f3n y renovaci\u00f3n del Comit\u00e9 de Italianos en el Extranjero de Santiago de Chile. La fecha de las elecciones se fija para el 4 de diciembre de 2026. Dicha [&hellip;]","protected":false},"author":8,"featured_media":14942,"comment_status":"closed","ping_status":"closed","sticky":false,"template":"","format":"standard","meta":{"footnotes":""},"tags":[11,12],"class_list":["post-15688","post","type-post","status-publish","format-standard","has-post-thumbnail","hentry","tag-elezioni","tag-italiani-nel-mondo"],"_links":{"self":[{"href":"https:\/\/ambsantiago.esteri.it\/es\/wp-json\/wp\/v2\/posts\/15688","targetHints":{"allow":["GET"]}}],"collection":[{"href":"https:\/\/ambsantiago.esteri.it\/es\/wp-json\/wp\/v2\/posts"}],"about":[{"href":"https:\/\/ambsantiago.esteri.it\/es\/wp-json\/wp\/v2\/types\/post"}],"author":[{"embeddable":true,"href":"https:\/\/ambsantiago.esteri.it\/es\/wp-json\/wp\/v2\/users\/8"}],"replies":[{"embeddable":true,"href":"https:\/\/ambsantiago.esteri.it\/es\/wp-json\/wp\/v2\/comments?post=15688"}],"version-history":[{"count":3,"href":"https:\/\/ambsantiago.esteri.it\/es\/wp-json\/wp\/v2\/posts\/15688\/revisions"}],"predecessor-version":[{"id":15705,"href":"https:\/\/ambsantiago.esteri.it\/es\/wp-json\/wp\/v2\/posts\/15688\/revisions\/15705"}],"wp:featuredmedia":[{"embeddable":true,"href":"https:\/\/ambsantiago.esteri.it\/es\/wp-json\/wp\/v2\/media\/14942"}],"wp:attachment":[{"href":"https:\/\/ambsantiago.esteri.it\/es\/wp-json\/wp\/v2\/media?parent=15688"}],"wp:term":[{"taxonomy":"post_tag","embeddable":true,"href":"https:\/\/ambsantiago.esteri.it\/es\/wp-json\/wp\/v2\/tags?post=15688"}],"curies":[{"name":"wp","href":"https:\/\/api.w.org\/{rel}","templated":true}]}}