{"id":15601,"date":"2026-08-31T10:44:51","date_gmt":"2026-08-31T14:44:51","guid":{"rendered":"https:\/\/ambsantiago.esteri.it\/news\/dall_ambasciata\/2026\/08\/carta-didentita-elettronica-cie-modalita-di-accesso-per-le-categorie-vulnerabili-e-novita-sui-servizi-consolari-online\/"},"modified":"2026-08-31T10:46:46","modified_gmt":"2026-08-31T14:46:46","slug":"carta-didentita-elettronica-cie-modalita-di-accesso-per-le-categorie-vulnerabili-e-novita-sui-servizi-consolari-online","status":"publish","type":"post","link":"https:\/\/ambsantiago.esteri.it\/es\/news\/dall_ambasciata\/2026\/08\/carta-didentita-elettronica-cie-modalita-di-accesso-per-le-categorie-vulnerabili-e-novita-sui-servizi-consolari-online\/","title":{"rendered":"C\u00c9DULA DE IDENTIDAD ELECTR\u00d3NICA (CIE): MODALIDADES DE ACCESO PARA LAS CATEGOR\u00cdAS VULNERABLES Y NOVEDADES SOBRE LOS SERVICIOS CONSULARES EN L\u00cdNEA"},"content":{"rendered":"<p>L\u2019Ambasciata d\u2019Italia a Santiago informa che i cittadini italiani di et\u00e0 superiore ai 70 anni, le donne in avanzato stato di gravidanza e le persone con disabilit\u00e0 certificata possono richiedere un appuntamento per il rilascio della Carta d\u2019Identit\u00e0 Elettronica (CIE) scrivendo all\u2019indirizzo <a href=\"mailto:anagrafe.santiago@esteri.it\">anagrafe.santiago@esteri.it<\/a>, allegando la documentazione idonea ad attestare l\u2019appartenenza a una delle categorie sopra indicate.<\/p>\n<p>Si ricorda che la Carta d\u2019Identit\u00e0 Elettronica pu\u00f2 essere utilizzata come documento di viaggio <strong>esclusivamente nei Paesi dell\u2019Unione Europea, negli Stati dello Spazio Schengen (UE + Islanda, Norvegia, Svizzera e Liechtenstein) e negli altri Paesi nei quali vigono specifici accordi internazionali<\/strong> che ne riconoscano la validit\u00e0 ai fini dell\u2019ingresso.<\/p>\n<p>Pertanto, <strong>i cittadini italiani residenti in Cile che intendano recarsi in Italia devono continuare a viaggiare muniti di passaporto in corso di validit\u00e0.<\/strong><\/p>\n<p>Si informa inoltre che \u00e8 stato prorogato fino al 31 dicembre 2028 il periodo durante il quale sar\u00e0 possibile accedere tramite username e password ai portali dedicati ai servizi consolari online Fast It e Prenot@mi.<\/p>\n","protected":false},"excerpt":{"rendered":"L\u2019Ambasciata d\u2019Italia a Santiago informa che i cittadini italiani di et\u00e0 superiore ai 70 anni, le donne in avanzato stato di gravidanza e le persone con disabilit\u00e0 certificata possono richiedere un appuntamento per il rilascio della Carta d\u2019Identit\u00e0 Elettronica (CIE) scrivendo all\u2019indirizzo anagrafe.santiago@esteri.it, allegando la documentazione idonea ad attestare l\u2019appartenenza a una delle categorie sopra [&hellip;]","protected":false},"author":12,"featured_media":15610,"comment_status":"closed","ping_status":"closed","sticky":false,"template":"","format":"standard","meta":{"footnotes":""},"tags":[12],"class_list":["post-15601","post","type-post","status-publish","format-standard","has-post-thumbnail","hentry","tag-italiani-nel-mondo"],"_links":{"self":[{"href":"https:\/\/ambsantiago.esteri.it\/es\/wp-json\/wp\/v2\/posts\/15601","targetHints":{"allow":["GET"]}}],"collection":[{"href":"https:\/\/ambsantiago.esteri.it\/es\/wp-json\/wp\/v2\/posts"}],"about":[{"href":"https:\/\/ambsantiago.esteri.it\/es\/wp-json\/wp\/v2\/types\/post"}],"author":[{"embeddable":true,"href":"https:\/\/ambsantiago.esteri.it\/es\/wp-json\/wp\/v2\/users\/12"}],"replies":[{"embeddable":true,"href":"https:\/\/ambsantiago.esteri.it\/es\/wp-json\/wp\/v2\/comments?post=15601"}],"version-history":[{"count":1,"href":"https:\/\/ambsantiago.esteri.it\/es\/wp-json\/wp\/v2\/posts\/15601\/revisions"}],"predecessor-version":[{"id":15604,"href":"https:\/\/ambsantiago.esteri.it\/es\/wp-json\/wp\/v2\/posts\/15601\/revisions\/15604"}],"wp:featuredmedia":[{"embeddable":true,"href":"https:\/\/ambsantiago.esteri.it\/es\/wp-json\/wp\/v2\/media\/15610"}],"wp:attachment":[{"href":"https:\/\/ambsantiago.esteri.it\/es\/wp-json\/wp\/v2\/media?parent=15601"}],"wp:term":[{"taxonomy":"post_tag","embeddable":true,"href":"https:\/\/ambsantiago.esteri.it\/es\/wp-json\/wp\/v2\/tags?post=15601"}],"curies":[{"name":"wp","href":"https:\/\/api.w.org\/{rel}","templated":true}]}}