{"id":1457,"date":"2016-04-01T21:33:28","date_gmt":"2016-04-02T00:33:28","guid":{"rendered":"https:\/\/ambsantiago.esteri.it\/news\/dall_ambasciata\/2016\/04\/referendum-20160417-apertura-straordinaria-sede-2\/"},"modified":"2016-04-01T21:33:28","modified_gmt":"2016-04-02T00:33:28","slug":"referendum-20160417-apertura-straordinaria-sede-2","status":"publish","type":"post","link":"https:\/\/ambsantiago.esteri.it\/es\/news\/dall_ambasciata\/2016\/04\/referendum-20160417-apertura-straordinaria-sede-2\/","title":{"rendered":"REFERENDUM ABROGATIVO DEL 17 DE ABRIL DE 2016 &#8211; APERTURA EXTRAORDINARIA DE LA CANCILLERIA CONSULAR"},"content":{"rendered":"<p><P style=\"MARGIN: 0cm 0cm 10pt\" class=\"MsoNormal\"><SPAN style=\"mso-ansi-language: ES\" lang=\"ES\"><FONT size=\"3\"><FONT color=\"#000000\"><FONT face=\"Calibri\">Debido al Referendum abrogativo del pr\u00f3ximo 17 de abril, la Cancilleria Consular de la Embajada de Italia en Santiago estar\u00e1 abierta en forma extraordinaria en los siguientes d\u00edas y horarios:<?xml:namespace prefix = \"o\" ns = \"urn:schemas-microsoft-com:office:office\" \/><o:p><\/o:p><\/FONT><\/FONT><\/FONT><\/SPAN><\/P><UL><br \/>\n<LI><br \/>\n<DIV style=\"MARGIN: 0cm 0cm 10pt\" class=\"MsoNormal\"><SPAN style=\"mso-ansi-language: ES\" lang=\"ES\"><FONT size=\"3\"><FONT color=\"#000000\"><FONT face=\"Calibri\">domingo<SPAN style=\"mso-spacerun: yes\">\u00a0 <\/SPAN>3 de abril de 10 a 12hs.;<o:p><\/o:p><\/FONT><\/FONT><\/FONT><\/SPAN><\/DIV><\/LI><br \/>\n<LI><br \/>\n<DIV style=\"MARGIN: 0cm 0cm 10pt\" class=\"MsoNormal\"><SPAN style=\"mso-ansi-language: ES\" lang=\"ES\"><FONT size=\"3\"><FONT color=\"#000000\"><FONT face=\"Calibri\">s\u00e1bado 09 de abril de 10 a 12hs.;<o:p><\/o:p><\/FONT><\/FONT><\/FONT><\/SPAN><\/DIV><\/LI><br \/>\n<LI><br \/>\n<DIV style=\"MARGIN: 0cm 0cm 10pt\" class=\"MsoNormal\"><SPAN style=\"mso-ansi-language: ES\" lang=\"ES\"><FONT size=\"3\"><FONT color=\"#000000\"><FONT face=\"Calibri\">domingo 10 de abril de 10 a 12hs.;<o:p><\/o:p><\/FONT><\/FONT><\/FONT><\/SPAN><\/DIV><\/LI><\/UL><br \/>\n<P style=\"MARGIN: 0cm 0cm 10pt\" class=\"MsoNormal\"><SPAN style=\"mso-ansi-language: ES\" lang=\"ES\"><FONT size=\"3\"><FONT color=\"#000000\"><FONT face=\"Calibri\">Los ciudadanos italianos mayores de edad residentes en la circunscripci\u00f3n de la Embajada de Italia en Santiago que, a la fecha del 30 de marzo de 2016, no hayan recibido en su propio domicilio el material electoral, podr\u00e1n presentarse personalmente desde el domingo 3 de abril al jueves 14 de abril con un documento de identidad v\u00e1lido (pasaporte o DNI). Durante la semana laboral la Cancilleria Consular observar\u00e1 el horario de atenci\u00f3n normal. <o:p><\/o:p><\/FONT><\/FONT><\/FONT><\/SPAN><\/P><SPAN style=\"LINE-HEIGHT: 115%; FONT-FAMILY: 'Calibri','sans-serif'; FONT-SIZE: 11pt; mso-ansi-language: ES; mso-ascii-theme-font: minor-latin; mso-fareast-font-family: Calibri; mso-fareast-theme-font: minor-latin; mso-hansi-theme-font: minor-latin; mso-bidi-font-family: 'Times New Roman'; mso-bidi-theme-font: minor-bidi; mso-fareast-language: EN-US; mso-bidi-language: AR-SA\" lang=\"ES\"><FONT color=\"#000000\">La Oficina Electoral, verificada la raz\u00f3n por la cual el sobre electoral no ha sido entregado y obtenida la autorizaci\u00f3n por parte de las competentes autoridades italianas, har\u00e1 entrega del sobre con el material electoral.<\/FONT><\/SPAN><\/p>\n","protected":false},"excerpt":{"rendered":"Debido al Referendum abrogativo del pr\u00f3ximo 17 de abril, la Cancilleria Consular de la Embajada de Italia en Santiago estar\u00e1 abierta en forma extraordinaria en los siguientes d\u00edas y horarios: domingo\u00a0 3 de abril de 10 a 12hs.; s\u00e1bado 09 de abril de 10 a 12hs.; domingo 10 de abril de 10 a 12hs.; Los [&hellip;]","protected":false},"author":1,"featured_media":0,"comment_status":"","ping_status":"","sticky":false,"template":"","format":"standard","meta":{"footnotes":""},"tags":[],"class_list":["post-1457","post","type-post","status-publish","format-standard","hentry"],"_links":{"self":[{"href":"https:\/\/ambsantiago.esteri.it\/es\/wp-json\/wp\/v2\/posts\/1457","targetHints":{"allow":["GET"]}}],"collection":[{"href":"https:\/\/ambsantiago.esteri.it\/es\/wp-json\/wp\/v2\/posts"}],"about":[{"href":"https:\/\/ambsantiago.esteri.it\/es\/wp-json\/wp\/v2\/types\/post"}],"author":[{"embeddable":true,"href":"https:\/\/ambsantiago.esteri.it\/es\/wp-json\/wp\/v2\/users\/1"}],"replies":[{"embeddable":true,"href":"https:\/\/ambsantiago.esteri.it\/es\/wp-json\/wp\/v2\/comments?post=1457"}],"version-history":[{"count":0,"href":"https:\/\/ambsantiago.esteri.it\/es\/wp-json\/wp\/v2\/posts\/1457\/revisions"}],"wp:attachment":[{"href":"https:\/\/ambsantiago.esteri.it\/es\/wp-json\/wp\/v2\/media?parent=1457"}],"wp:term":[{"taxonomy":"post_tag","embeddable":true,"href":"https:\/\/ambsantiago.esteri.it\/es\/wp-json\/wp\/v2\/tags?post=1457"}],"curies":[{"name":"wp","href":"https:\/\/api.w.org\/{rel}","templated":true}]}}