{"id":13843,"date":"2026-04-30T10:27:54","date_gmt":"2026-04-30T14:27:54","guid":{"rendered":"https:\/\/ambsantiago.esteri.it\/news\/dall_ambasciata\/2026\/04\/cile-missione-del-comandante-generale-dellarma-dei-carabinieri-generale-salvatore-luongo-per-il-99-anniversario-dei-carabineros-de-chile\/"},"modified":"2026-04-30T11:37:43","modified_gmt":"2026-04-30T15:37:43","slug":"cile-missione-del-comandante-generale-dellarma-dei-carabinieri-generale-salvatore-luongo-per-il-99-anniversario-dei-carabineros-de-chile","status":"publish","type":"post","link":"https:\/\/ambsantiago.esteri.it\/es\/news\/dall_ambasciata\/2026\/04\/cile-missione-del-comandante-generale-dellarma-dei-carabinieri-generale-salvatore-luongo-per-il-99-anniversario-dei-carabineros-de-chile\/","title":{"rendered":"CHILE. MISI\u00d3N DEL COMANDANTE GENERAL DEL ARMA DE CARABINIEROS, GENERAL SALVATORE LUONGO, CON MOTIVO DEL 99\u00b0 ANIVERSARIO DE CARABINEROS DE CHILE"},"content":{"rendered":"<p>El Comandante General del Arma de los Carabinieri italianos, General C.A. Salvatore Luongo, realiz\u00f3 una misi\u00f3n en Chile para participar en las celebraciones del 99\u00b0 aniversario de Carabineros de Chile, llevadas a cabo el lunes 27 de abril.<\/p>\n<p>Durante su permanencia en el pa\u00eds, el General Luongo particip\u00f3 en las actividades organizadas con motivo de la conmemoraci\u00f3n, entre ellas la intervenci\u00f3n del Director General de Carabineros, General Marcelo Leonardo Araya, en la Escuela de Oficiales de Carabineros de Chile, dedicada a las directrices estrat\u00e9gicas de desarrollo de la Instituci\u00f3n y al per\u00edodo de la Secretar\u00eda General de AMERIPOL, asumida por Chile en febrero de 2026.<\/p>\n<p>La misi\u00f3n concluy\u00f3 con una recepci\u00f3n organizada por la Embajadora de Italia en Chile, Valeria Biagiotti, en su Residencia. Al evento asistieron numerosas autoridades de gobierno, entre otros, la Ministra de Seguridad P\u00fablica Trinidad Steinert, el Fiscal Nacional \u00c1ngel Valencia V\u00e1squez, el Fiscal Jefe de la Fiscal\u00eda Supraterritorial \u2013 recientemente inaugurada e inspirada en el modelo de la fiscal\u00eda antimafia italiana \u2013 Miguel \u00c1ngel Orellana, el Subsecretario de Seguridad P\u00fablica Andr\u00e9s Jouannet, el Subsecretario para las Fuerzas Armadas Christian Bol\u00edvar, as\u00ed como el Director General de Carabineros de Chile, General Araya, junto a representantes de las fuerzas del orden chilenas, tanto militares como civiles.<\/p>\n<p>\u00abLa amistad entre el Arma de Carabinieri italiana y Carabineros de Chile tiene ra\u00edces antiguas, ya que los primeros reglamentos de los Carabineros se inspiraron en los de los Carabinieri\u00bb, declar\u00f3 la Embajadora Biagiotti durante su saludo institucional, subrayando que Italia y Chile cuentan con una cooperaci\u00f3n amplia y estructurada, que involucra m\u00faltiples \u00e1mbitos y actores institucionales.<\/p>\n<p>\u00abEn estos a\u00f1os en Chile, he visto crecer constantemente la confianza, la estima y el afecto que los chilenos sienten por sus Carabineros: son los mismos sentimientos que nosotros, los italianos, tenemos hacia nuestros Carabinieri. Mujeres y hombres, en ambos pa\u00edses, unidos por un profundo esp\u00edritu de servicio, por el sentido de las instituciones y por la cercan\u00eda a la ciudadan\u00eda\u00bb, concluy\u00f3, expresando el deseo de seguir fortaleciendo la cooperaci\u00f3n bilateral en el futuro.<\/p>\n<p>Un deseo compartido tambi\u00e9n por el General Luongo, quien agradeci\u00f3 a los participantes y reafirm\u00f3 el m\u00e1ximo compromiso para consolidar y desarrollar a\u00fan m\u00e1s la colaboraci\u00f3n entre Italia y Chile en el \u00e1mbito de la seguridad.<\/p>\n","protected":false},"excerpt":{"rendered":"El Comandante General del Arma de los Carabinieri italianos, General C.A. Salvatore Luongo, realiz\u00f3 una misi\u00f3n en Chile para participar en las celebraciones del 99\u00b0 aniversario de Carabineros de Chile, llevadas a cabo el lunes 27 de abril. Durante su permanencia en el pa\u00eds, el General Luongo particip\u00f3 en las actividades organizadas con motivo de [&hellip;]","protected":false},"author":12,"featured_media":13798,"comment_status":"closed","ping_status":"closed","sticky":false,"template":"","format":"standard","meta":{"footnotes":""},"tags":[7,14],"class_list":["post-13843","post","type-post","status-publish","format-standard","has-post-thumbnail","hentry","tag-diplomazia-culturale","tag-politica-estera"],"_links":{"self":[{"href":"https:\/\/ambsantiago.esteri.it\/es\/wp-json\/wp\/v2\/posts\/13843","targetHints":{"allow":["GET"]}}],"collection":[{"href":"https:\/\/ambsantiago.esteri.it\/es\/wp-json\/wp\/v2\/posts"}],"about":[{"href":"https:\/\/ambsantiago.esteri.it\/es\/wp-json\/wp\/v2\/types\/post"}],"author":[{"embeddable":true,"href":"https:\/\/ambsantiago.esteri.it\/es\/wp-json\/wp\/v2\/users\/12"}],"replies":[{"embeddable":true,"href":"https:\/\/ambsantiago.esteri.it\/es\/wp-json\/wp\/v2\/comments?post=13843"}],"version-history":[{"count":2,"href":"https:\/\/ambsantiago.esteri.it\/es\/wp-json\/wp\/v2\/posts\/13843\/revisions"}],"predecessor-version":[{"id":13849,"href":"https:\/\/ambsantiago.esteri.it\/es\/wp-json\/wp\/v2\/posts\/13843\/revisions\/13849"}],"wp:featuredmedia":[{"embeddable":true,"href":"https:\/\/ambsantiago.esteri.it\/es\/wp-json\/wp\/v2\/media\/13798"}],"wp:attachment":[{"href":"https:\/\/ambsantiago.esteri.it\/es\/wp-json\/wp\/v2\/media?parent=13843"}],"wp:term":[{"taxonomy":"post_tag","embeddable":true,"href":"https:\/\/ambsantiago.esteri.it\/es\/wp-json\/wp\/v2\/tags?post=13843"}],"curies":[{"name":"wp","href":"https:\/\/api.w.org\/{rel}","templated":true}]}}