{"id":1311,"date":"2018-10-10T21:51:54","date_gmt":"2018-10-11T00:51:54","guid":{"rendered":"https:\/\/ambsantiago.esteri.it\/news\/dall_ambasciata\/2018\/10\/presentazione-alla-farnesina-della-2\/"},"modified":"2018-10-10T21:51:54","modified_gmt":"2018-10-11T00:51:54","slug":"presentazione-alla-farnesina-della-2","status":"publish","type":"post","link":"https:\/\/ambsantiago.esteri.it\/es\/news\/dall_ambasciata\/2018\/10\/presentazione-alla-farnesina-della-2\/","title":{"rendered":"Presentaci\u00f3n en la Farnesina de la XIV edici\u00f3n de la Jornada Del Contemporaneo"},"content":{"rendered":"<p>Hoy en el Ministerio de Asuntos Exteriores y de la Cooperaci\u00f3n Internacional de Italia ha sido presentada la XIV edici\u00f3n de la Jornada del Contempor\u00e1neo, cita anual para celebrar y difundir el arte contempor\u00e1neo organizada junto al Ministerio de Bienes Culturales y la Asociaci\u00f3n de los Museos de Arte Contemporaneo Italianos.<\/p>\n<p>La Rese\u00f1a ha sido tambi\u00e9n la ocasi\u00f3n para presentar el video producido por Philippe Daverio.<\/p>\n<p>Mira el video y realiza un tour del Palacio de la Farnesina junto a este gu\u00eda de excepci\u00f3n!<\/p>\n<p>\u00a0<\/p>\n<p><a href=\"https:\/\/www.youtube.com\/watch?v=z7zfFrHbL0w&#038;feature=youtu.be\"><img decoding=\"async\" src=\"resource\/img\/2018\/10\/43058597_496186787458158_5478494630183960576_n.png\" alt=\"43058597 496186787458158 5478494630183960576 n\" \/><\/a><\/p>\n","protected":false},"excerpt":{"rendered":"Hoy en el Ministerio de Asuntos Exteriores y de la Cooperaci\u00f3n Internacional de Italia ha sido presentada la XIV edici\u00f3n de la Jornada del Contempor\u00e1neo, cita anual para celebrar y difundir el arte contempor\u00e1neo organizada junto al Ministerio de Bienes Culturales y la Asociaci\u00f3n de los Museos de Arte Contemporaneo Italianos. La Rese\u00f1a ha sido [&hellip;]","protected":false},"author":1,"featured_media":0,"comment_status":"","ping_status":"","sticky":false,"template":"","format":"standard","meta":{"footnotes":""},"tags":[],"class_list":["post-1311","post","type-post","status-publish","format-standard","hentry"],"_links":{"self":[{"href":"https:\/\/ambsantiago.esteri.it\/es\/wp-json\/wp\/v2\/posts\/1311","targetHints":{"allow":["GET"]}}],"collection":[{"href":"https:\/\/ambsantiago.esteri.it\/es\/wp-json\/wp\/v2\/posts"}],"about":[{"href":"https:\/\/ambsantiago.esteri.it\/es\/wp-json\/wp\/v2\/types\/post"}],"author":[{"embeddable":true,"href":"https:\/\/ambsantiago.esteri.it\/es\/wp-json\/wp\/v2\/users\/1"}],"replies":[{"embeddable":true,"href":"https:\/\/ambsantiago.esteri.it\/es\/wp-json\/wp\/v2\/comments?post=1311"}],"version-history":[{"count":0,"href":"https:\/\/ambsantiago.esteri.it\/es\/wp-json\/wp\/v2\/posts\/1311\/revisions"}],"wp:attachment":[{"href":"https:\/\/ambsantiago.esteri.it\/es\/wp-json\/wp\/v2\/media?parent=1311"}],"wp:term":[{"taxonomy":"post_tag","embeddable":true,"href":"https:\/\/ambsantiago.esteri.it\/es\/wp-json\/wp\/v2\/tags?post=1311"}],"curies":[{"name":"wp","href":"https:\/\/api.w.org\/{rel}","templated":true}]}}