{"id":12971,"date":"2026-03-13T17:26:51","date_gmt":"2026-03-13T20:26:51","guid":{"rendered":"https:\/\/ambsantiago.esteri.it\/?p=12971"},"modified":"2026-03-13T17:29:42","modified_gmt":"2026-03-13T20:29:42","slug":"horario-extraordinario-de-la-cancilleria-consular-con-motivo-del-referendum-constitucional","status":"publish","type":"post","link":"https:\/\/ambsantiago.esteri.it\/es\/news\/dall_ambasciata\/2026\/03\/horario-extraordinario-de-la-cancilleria-consular-con-motivo-del-referendum-constitucional\/","title":{"rendered":"HORARIO EXTRAORDINARIO DE LA CANCILLER\u00cdA CONSULAR CON MOTIVO DEL REFER\u00c9NDUM CONSTITUCIONAL"},"content":{"rendered":"<p>Con motivo del refer\u00e9ndum constitucional del 22 y 23 de marzo, la Embajada de Italia en Santiago abrir\u00e1 sus puertas el fin de semana del 14 y 15 de marzo para la sola expedici\u00f3n de duplicados de los sobres electorales in situ, desde las 9.00 hasta las 12.00 horas.<\/p>\n<p>Los interesados podr\u00e1n acudir a la Canciller\u00eda Consular ubicada en Roman D\u00edaz 1270, Providencia, y las solicitudes se tramitar\u00e1n por orden de llegada.<\/p>\n","protected":false},"excerpt":{"rendered":"Con motivo del refer\u00e9ndum constitucional del 22 y 23 de marzo, la Embajada de Italia en Santiago abrir\u00e1 sus puertas el fin de semana del 14 y 15 de marzo para la sola expedici\u00f3n de duplicados de los sobres electorales in situ, desde las 9.00 hasta las 12.00 horas. Los interesados podr\u00e1n acudir a la [&hellip;]","protected":false},"author":12,"featured_media":12961,"comment_status":"closed","ping_status":"closed","sticky":false,"template":"","format":"standard","meta":{"footnotes":""},"tags":[],"class_list":["post-12971","post","type-post","status-publish","format-standard","has-post-thumbnail","hentry"],"_links":{"self":[{"href":"https:\/\/ambsantiago.esteri.it\/es\/wp-json\/wp\/v2\/posts\/12971","targetHints":{"allow":["GET"]}}],"collection":[{"href":"https:\/\/ambsantiago.esteri.it\/es\/wp-json\/wp\/v2\/posts"}],"about":[{"href":"https:\/\/ambsantiago.esteri.it\/es\/wp-json\/wp\/v2\/types\/post"}],"author":[{"embeddable":true,"href":"https:\/\/ambsantiago.esteri.it\/es\/wp-json\/wp\/v2\/users\/12"}],"replies":[{"embeddable":true,"href":"https:\/\/ambsantiago.esteri.it\/es\/wp-json\/wp\/v2\/comments?post=12971"}],"version-history":[{"count":1,"href":"https:\/\/ambsantiago.esteri.it\/es\/wp-json\/wp\/v2\/posts\/12971\/revisions"}],"predecessor-version":[{"id":12984,"href":"https:\/\/ambsantiago.esteri.it\/es\/wp-json\/wp\/v2\/posts\/12971\/revisions\/12984"}],"wp:featuredmedia":[{"embeddable":true,"href":"https:\/\/ambsantiago.esteri.it\/es\/wp-json\/wp\/v2\/media\/12961"}],"wp:attachment":[{"href":"https:\/\/ambsantiago.esteri.it\/es\/wp-json\/wp\/v2\/media?parent=12971"}],"wp:term":[{"taxonomy":"post_tag","embeddable":true,"href":"https:\/\/ambsantiago.esteri.it\/es\/wp-json\/wp\/v2\/tags?post=12971"}],"curies":[{"name":"wp","href":"https:\/\/api.w.org\/{rel}","templated":true}]}}