{"id":1238,"date":"2020-09-25T13:02:40","date_gmt":"2020-09-25T16:02:40","guid":{"rendered":"https:\/\/ambsantiago.esteri.it\/news\/dall_ambasciata\/2020\/09\/comunicato-dell-ambasciata-d-italia-2\/"},"modified":"2020-09-25T13:02:40","modified_gmt":"2020-09-25T16:02:40","slug":"comunicato-dell-ambasciata-d-italia-2","status":"publish","type":"post","link":"https:\/\/ambsantiago.esteri.it\/es\/news\/dall_ambasciata\/2020\/09\/comunicato-dell-ambasciata-d-italia-2\/","title":{"rendered":"COMUNICADO DE LA EMBAJADA DE ITALIA EN SANTIAGO"},"content":{"rendered":"<p>La Embajada de Italia en Santiago expresa su consternaci\u00f3n por las declaraciones del diputado Pepe Auth realizadas el 24 de septiembre en la C\u00e1mara de Diputados, en las que declara haber votado sin tener derecho a voto en las elecciones de la Rep\u00fablica Italiana.<\/p>\n<p>La responsabilidad personal es la base de la libertad individual que se expresa en el ejercicio del derecho al voto.<\/p>\n<p>La declaraci\u00f3n de un comportamiento ilegal, que el Diputado Auth califica como \u201can\u00e9cdota\u201d, ofende las instituciones de la Rep\u00fablica Italiana y la dignidad de los miles de ciudadanos italianos residentes en Chile que ejercen libre y responsablemente su derecho.<\/p>\n","protected":false},"excerpt":{"rendered":"La Embajada de Italia en Santiago expresa su consternaci\u00f3n por las declaraciones del diputado Pepe Auth realizadas el 24 de septiembre en la C\u00e1mara de Diputados, en las que declara haber votado sin tener derecho a voto en las elecciones de la Rep\u00fablica Italiana. La responsabilidad personal es la base de la libertad individual que [&hellip;]","protected":false},"author":1,"featured_media":0,"comment_status":"","ping_status":"","sticky":false,"template":"","format":"standard","meta":{"footnotes":""},"tags":[],"class_list":["post-1238","post","type-post","status-publish","format-standard","hentry"],"_links":{"self":[{"href":"https:\/\/ambsantiago.esteri.it\/es\/wp-json\/wp\/v2\/posts\/1238","targetHints":{"allow":["GET"]}}],"collection":[{"href":"https:\/\/ambsantiago.esteri.it\/es\/wp-json\/wp\/v2\/posts"}],"about":[{"href":"https:\/\/ambsantiago.esteri.it\/es\/wp-json\/wp\/v2\/types\/post"}],"author":[{"embeddable":true,"href":"https:\/\/ambsantiago.esteri.it\/es\/wp-json\/wp\/v2\/users\/1"}],"replies":[{"embeddable":true,"href":"https:\/\/ambsantiago.esteri.it\/es\/wp-json\/wp\/v2\/comments?post=1238"}],"version-history":[{"count":0,"href":"https:\/\/ambsantiago.esteri.it\/es\/wp-json\/wp\/v2\/posts\/1238\/revisions"}],"wp:attachment":[{"href":"https:\/\/ambsantiago.esteri.it\/es\/wp-json\/wp\/v2\/media?parent=1238"}],"wp:term":[{"taxonomy":"post_tag","embeddable":true,"href":"https:\/\/ambsantiago.esteri.it\/es\/wp-json\/wp\/v2\/tags?post=1238"}],"curies":[{"name":"wp","href":"https:\/\/api.w.org\/{rel}","templated":true}]}}