{"id":1209,"date":"2020-12-22T00:26:26","date_gmt":"2020-12-22T03:26:26","guid":{"rendered":"https:\/\/ambsantiago.esteri.it\/news\/dall_ambasciata\/2020\/12\/italiaconchile-un-anno-di-solidarieta-2\/"},"modified":"2020-12-22T00:26:26","modified_gmt":"2020-12-22T03:26:26","slug":"italiaconchile-un-anno-di-solidarieta-2","status":"publish","type":"post","link":"https:\/\/ambsantiago.esteri.it\/es\/news\/dall_ambasciata\/2020\/12\/italiaconchile-un-anno-di-solidarieta-2\/","title":{"rendered":"#ITALIACONCHILE: UN A\u00d1O DE SOLIDARIEDAD  &#8211; EL VIDEO"},"content":{"rendered":"<p><a href=\"https:\/\/www.youtube.com\/watch?v=SwFFPU9V59E&#038;feature=youtu.be\" onclick=\"window.open(this.href,'','scrollbars=yes,resizable=yes,location=yes,menubar=yes,status=yes,toolbar=yes,left=0,top=0');return false;\">Hagan click aqu\u00ed <\/a>para ver en un v\u00eddeo el recorrido por <strong>todas las actividades de #ItaliaConChile<\/strong> que, en un a\u00f1o tan complejo como 2020, se han desarrollado a partir de un concepto clave: <strong>la solidaridad<\/strong>.<\/p>\n<p>Hace un a\u00f1o presentamos <strong>#ItaliaConChile<\/strong>, un <em>roadshow<\/em> que llevar\u00eda la belleza, la humanidad y la innovaci\u00f3n italiana a las principales ciudades de Chile.<\/p>\n<p>La pandemia nos oblig\u00f3 a modificar nuestros planes; <strong>convirtiendo los nuevos desaf\u00edos en oportunidades<\/strong>.<\/p>\n<p>Adem\u00e1s, de cara a 2021, lanzamos <strong>la nueva declinaci\u00f3n del programa #ItaliaConChile<\/strong>, centrada en la idea de un nuevo <strong>Renacimiento<\/strong> econ\u00f3mico, social y cultural.<\/p>\n","protected":false},"excerpt":{"rendered":"Hagan click aqu\u00ed para ver en un v\u00eddeo el recorrido por todas las actividades de #ItaliaConChile que, en un a\u00f1o tan complejo como 2020, se han desarrollado a partir de un concepto clave: la solidaridad. Hace un a\u00f1o presentamos #ItaliaConChile, un roadshow que llevar\u00eda la belleza, la humanidad y la innovaci\u00f3n italiana a las principales [&hellip;]","protected":false},"author":1,"featured_media":0,"comment_status":"","ping_status":"","sticky":false,"template":"","format":"standard","meta":{"footnotes":""},"tags":[],"class_list":["post-1209","post","type-post","status-publish","format-standard","hentry"],"_links":{"self":[{"href":"https:\/\/ambsantiago.esteri.it\/es\/wp-json\/wp\/v2\/posts\/1209","targetHints":{"allow":["GET"]}}],"collection":[{"href":"https:\/\/ambsantiago.esteri.it\/es\/wp-json\/wp\/v2\/posts"}],"about":[{"href":"https:\/\/ambsantiago.esteri.it\/es\/wp-json\/wp\/v2\/types\/post"}],"author":[{"embeddable":true,"href":"https:\/\/ambsantiago.esteri.it\/es\/wp-json\/wp\/v2\/users\/1"}],"replies":[{"embeddable":true,"href":"https:\/\/ambsantiago.esteri.it\/es\/wp-json\/wp\/v2\/comments?post=1209"}],"version-history":[{"count":0,"href":"https:\/\/ambsantiago.esteri.it\/es\/wp-json\/wp\/v2\/posts\/1209\/revisions"}],"wp:attachment":[{"href":"https:\/\/ambsantiago.esteri.it\/es\/wp-json\/wp\/v2\/media?parent=1209"}],"wp:term":[{"taxonomy":"post_tag","embeddable":true,"href":"https:\/\/ambsantiago.esteri.it\/es\/wp-json\/wp\/v2\/tags?post=1209"}],"curies":[{"name":"wp","href":"https:\/\/api.w.org\/{rel}","templated":true}]}}