{"id":1203,"date":"2021-02-14T23:42:00","date_gmt":"2021-02-15T02:42:00","guid":{"rendered":"https:\/\/ambsantiago.esteri.it\/news\/dall_ambasciata\/2021\/02\/chiusura-precauzionale-domani-15-2\/"},"modified":"2021-02-14T23:42:00","modified_gmt":"2021-02-15T02:42:00","slug":"chiusura-precauzionale-domani-15-2","status":"publish","type":"post","link":"https:\/\/ambsantiago.esteri.it\/es\/news\/dall_ambasciata\/2021\/02\/chiusura-precauzionale-domani-15-2\/","title":{"rendered":"Por razones de precauci\u00f3n, las oficinas de la Canciller\u00eda consular permanecer\u00e1n cerradas ma\u00f1ana 15 de Febrero 2021. Reprogramacion citas pasaportes y ciudadania"},"content":{"rendered":"<p>Pedimos disculpas por la molestia, en caso de necesidad les rogamos comunicarse con nosotros por medio del celular de emergencia o enviando un correo a la casilla <a href=\"mailto:consolato.santiago@esteri.it\">consolato.santiago@esteri.it<\/a>.<\/p>\n<p>Por razones de precauci\u00f3n, las oficinas de la Canciller\u00eda consular permanecer\u00e1n cerradas este lunes 15 de febrero. Por lo tanto, excepcionalmente, la reserva online de citas para pasaportes de esta semana se efect\u00faa a trav\u00e9s del Sistema PrenotaOnline a las <strong><span style=\"text-decoration: underline;\">12.00 de MIERCOLES 17 de febrero<\/span><\/strong> (en lugar de lunes).<\/p>\n<p>Por razones de precauci\u00f3n, las oficinas de la Canciller\u00eda consular permanecer\u00e1n cerradas el 15 de febrero. Por lo tanto, excepcionalmente, las citas con videollamada Whatsapp para el <strong>servicio ciudadan\u00eda<\/strong> iure sanguinis se tomar\u00e1n este <span style=\"text-decoration: underline;\"><strong>MIERCOLES 17 de febrero<\/strong> <\/span>desde las 14:00 y las 15:00 horas (en lugar de lunes).<\/p>\n","protected":false},"excerpt":{"rendered":"Pedimos disculpas por la molestia, en caso de necesidad les rogamos comunicarse con nosotros por medio del celular de emergencia o enviando un correo a la casilla consolato.santiago@esteri.it. Por razones de precauci\u00f3n, las oficinas de la Canciller\u00eda consular permanecer\u00e1n cerradas este lunes 15 de febrero. Por lo tanto, excepcionalmente, la reserva online de citas para [&hellip;]","protected":false},"author":1,"featured_media":0,"comment_status":"","ping_status":"","sticky":false,"template":"","format":"standard","meta":{"footnotes":""},"tags":[],"class_list":["post-1203","post","type-post","status-publish","format-standard","hentry"],"_links":{"self":[{"href":"https:\/\/ambsantiago.esteri.it\/es\/wp-json\/wp\/v2\/posts\/1203","targetHints":{"allow":["GET"]}}],"collection":[{"href":"https:\/\/ambsantiago.esteri.it\/es\/wp-json\/wp\/v2\/posts"}],"about":[{"href":"https:\/\/ambsantiago.esteri.it\/es\/wp-json\/wp\/v2\/types\/post"}],"author":[{"embeddable":true,"href":"https:\/\/ambsantiago.esteri.it\/es\/wp-json\/wp\/v2\/users\/1"}],"replies":[{"embeddable":true,"href":"https:\/\/ambsantiago.esteri.it\/es\/wp-json\/wp\/v2\/comments?post=1203"}],"version-history":[{"count":0,"href":"https:\/\/ambsantiago.esteri.it\/es\/wp-json\/wp\/v2\/posts\/1203\/revisions"}],"wp:attachment":[{"href":"https:\/\/ambsantiago.esteri.it\/es\/wp-json\/wp\/v2\/media?parent=1203"}],"wp:term":[{"taxonomy":"post_tag","embeddable":true,"href":"https:\/\/ambsantiago.esteri.it\/es\/wp-json\/wp\/v2\/tags?post=1203"}],"curies":[{"name":"wp","href":"https:\/\/api.w.org\/{rel}","templated":true}]}}