{"id":1197,"date":"2021-03-16T01:49:13","date_gmt":"2021-03-16T04:49:13","guid":{"rendered":"https:\/\/ambsantiago.esteri.it\/news\/dall_ambasciata\/2021\/03\/conferenza-il-processo-costituente-2\/"},"modified":"2021-03-16T01:49:13","modified_gmt":"2021-03-16T04:49:13","slug":"conferenza-il-processo-costituente-2","status":"publish","type":"post","link":"https:\/\/ambsantiago.esteri.it\/es\/news\/dall_ambasciata\/2021\/03\/conferenza-il-processo-costituente-2\/","title":{"rendered":"CONFERENCIA \u201cEL PROCESO CONSTITUYENTE ITALIANO 1946-1947: CUALES LECCIONES PARA CHILE HOY\u201d (17.03.2021 A LAS 15.00)"},"content":{"rendered":"<p>El pr\u00f3ximo 17 de marzo la <strong>Universidad de Chile<\/strong> y la <strong>Embajada de Italia en Chile<\/strong> van a organizar una videoconferencia sobre \u201c<strong>El proceso constituyente italiano 1946-1947: cuales lecciones para Chile hoy<\/strong>\u201d, un evento que contar\u00e1 con la destacada participaci\u00f3n del ex Primer Ministro italiano <strong>Giuliano Amato<\/strong>, actual miembro de la Corte Constitucional italiana.<\/p>\n<p>Podr\u00e1n seguir la transmisi\u00f3n live <a href=\"https:\/\/www.youtube.com\/channel\/UC875v6TOQR-sLyED-jfZp7g\">aqu\u00ed <\/a>o en la p\u00e1gina Facebook de la Universidad de Chile<\/p>\n<p>Mas info disponibles en: <a href=\"https:\/\/vai.cl\/2021\/03\/15\/evento-live-el-proceso-constituyente-italiano-1946-1947-cuales-lecciones-para-chile-hoy\/\">https:\/\/vai.cl\/2021\/03\/15\/evento-live-el-proceso-constituyente-italiano-1946-1947-cuales-lecciones-para-chile-hoy\/<\/a>\u00a0<\/p>\n","protected":false},"excerpt":{"rendered":"El pr\u00f3ximo 17 de marzo la Universidad de Chile y la Embajada de Italia en Chile van a organizar una videoconferencia sobre \u201cEl proceso constituyente italiano 1946-1947: cuales lecciones para Chile hoy\u201d, un evento que contar\u00e1 con la destacada participaci\u00f3n del ex Primer Ministro italiano Giuliano Amato, actual miembro de la Corte Constitucional italiana. Podr\u00e1n [&hellip;]","protected":false},"author":1,"featured_media":0,"comment_status":"","ping_status":"","sticky":false,"template":"","format":"standard","meta":{"footnotes":""},"tags":[],"class_list":["post-1197","post","type-post","status-publish","format-standard","hentry"],"_links":{"self":[{"href":"https:\/\/ambsantiago.esteri.it\/es\/wp-json\/wp\/v2\/posts\/1197","targetHints":{"allow":["GET"]}}],"collection":[{"href":"https:\/\/ambsantiago.esteri.it\/es\/wp-json\/wp\/v2\/posts"}],"about":[{"href":"https:\/\/ambsantiago.esteri.it\/es\/wp-json\/wp\/v2\/types\/post"}],"author":[{"embeddable":true,"href":"https:\/\/ambsantiago.esteri.it\/es\/wp-json\/wp\/v2\/users\/1"}],"replies":[{"embeddable":true,"href":"https:\/\/ambsantiago.esteri.it\/es\/wp-json\/wp\/v2\/comments?post=1197"}],"version-history":[{"count":0,"href":"https:\/\/ambsantiago.esteri.it\/es\/wp-json\/wp\/v2\/posts\/1197\/revisions"}],"wp:attachment":[{"href":"https:\/\/ambsantiago.esteri.it\/es\/wp-json\/wp\/v2\/media?parent=1197"}],"wp:term":[{"taxonomy":"post_tag","embeddable":true,"href":"https:\/\/ambsantiago.esteri.it\/es\/wp-json\/wp\/v2\/tags?post=1197"}],"curies":[{"name":"wp","href":"https:\/\/api.w.org\/{rel}","templated":true}]}}