{"id":1195,"date":"2021-03-26T12:09:39","date_gmt":"2021-03-26T15:09:39","guid":{"rendered":"https:\/\/ambsantiago.esteri.it\/news\/dall_ambasciata\/2021\/03\/dante-l-italiano-a-700-anni-dalla-2\/"},"modified":"2021-03-26T12:09:39","modified_gmt":"2021-03-26T15:09:39","slug":"dante-l-italiano-a-700-anni-dalla-2","status":"publish","type":"post","link":"https:\/\/ambsantiago.esteri.it\/es\/news\/dall_ambasciata\/2021\/03\/dante-l-italiano-a-700-anni-dalla-2\/","title":{"rendered":"\u201cDANTE, L\u2019ITALIANO\u201d A 700 A\u00d1OS DE SU MUERTE"},"content":{"rendered":"<p>En <strong>2021 se conmemora el septimo centerario del fallecimiento de Dante Alighieri.<\/strong>\u00a0Una serie de iniciativas para las celebraciones involucran a la red de embajadas, consulados e institutos culturales italianos en todo el mundo.<\/p>\n<p>Se ha desarrollado un <strong>extenso programa<\/strong>, que incluye <strong>exposiciones de artes visuales, conciertos, actuaciones en vivo<\/strong>, pero tambi\u00e9n el uso de las tecnolog\u00edas multimedia m\u00e1s avanzadas, en colaboraci\u00f3n con el Comit\u00e9 Nacional para las Celebraciones del Centenario y con algunas de las principales instituciones culturales. Accademia della Crusca a la Sociedad Dante, desde el Ayuntamiento de Ravenna al Grupo Dante de la Associazione degli Italianisti (ADI), al Centro del Libro y la Lectura (CePELL).<\/p>\n<p>Con <strong>m\u00e1s de 500 iniciativas<\/strong> en m\u00e1s de 100 sedes dipom\u00e1ticas, el programa, que comienza en marzo tambi\u00e9n con motivo del aniversario del lunes 25, idealmente durar\u00e1 hasta el oto\u00f1o y la cita con la XXI Semana de la Lengua Italiana en el mundo (18- 24 de octubre), tambi\u00e9n este a\u00f1o dedicado al Poeta (\u201cDante, l&#8217;italiano\u201d).<\/p>\n<p>A trav\u00e9s del programa<strong> \u00abDante 700 en el mundo\u00bb<\/strong>, Farnesina contin\u00faa su compromiso de relanzar una nueva y s\u00f3lida narrativa sobre Italia m\u00e1s all\u00e1 de sus fronteras. Los recursos y proyectos reflejan el condicionamiento ligado a la pandemia del COVID-19 y la necesidad de apoyar de manera concreta a los operadores y empresas culturales y creativas en todos los sectores, desde el editorial al arte, desde el entretenimiento al cine.<\/p>\n<p>Dante, le\u00eddo, presentado e interpretado de una manera moderna y a veces inusual, se convierte as\u00ed en el s\u00edmbolo de las facetas de la Italia actual, del genio que integra cultura, ciencia y econom\u00eda, para dar vida a la historia de un pa\u00eds vital y din\u00e1mico. Una historia en la que cualquiera puede redescubrir parcialmente su propia experiencia, gracias a eventos que potencian el v\u00ednculo siempre vivo entre la imaginaci\u00f3n y la contemporaneidad de Dante.<\/p>\n<p>M\u00e1s informaci\u00f3n sobre las iniciativas planificadas est\u00e1 disponible en<\/p>\n<p><a href=\"https:\/\/italiana.esteri.it\/italiana\/\">https:\/\/italiana.esteri.it\/italiana\/<\/a><\/p>\n<p>\u00a0<\/p>\n","protected":false},"excerpt":{"rendered":"En 2021 se conmemora el septimo centerario del fallecimiento de Dante Alighieri.\u00a0Una serie de iniciativas para las celebraciones involucran a la red de embajadas, consulados e institutos culturales italianos en todo el mundo. Se ha desarrollado un extenso programa, que incluye exposiciones de artes visuales, conciertos, actuaciones en vivo, pero tambi\u00e9n el uso de las [&hellip;]","protected":false},"author":1,"featured_media":0,"comment_status":"","ping_status":"","sticky":false,"template":"","format":"standard","meta":{"footnotes":""},"tags":[],"class_list":["post-1195","post","type-post","status-publish","format-standard","hentry"],"_links":{"self":[{"href":"https:\/\/ambsantiago.esteri.it\/es\/wp-json\/wp\/v2\/posts\/1195","targetHints":{"allow":["GET"]}}],"collection":[{"href":"https:\/\/ambsantiago.esteri.it\/es\/wp-json\/wp\/v2\/posts"}],"about":[{"href":"https:\/\/ambsantiago.esteri.it\/es\/wp-json\/wp\/v2\/types\/post"}],"author":[{"embeddable":true,"href":"https:\/\/ambsantiago.esteri.it\/es\/wp-json\/wp\/v2\/users\/1"}],"replies":[{"embeddable":true,"href":"https:\/\/ambsantiago.esteri.it\/es\/wp-json\/wp\/v2\/comments?post=1195"}],"version-history":[{"count":0,"href":"https:\/\/ambsantiago.esteri.it\/es\/wp-json\/wp\/v2\/posts\/1195\/revisions"}],"wp:attachment":[{"href":"https:\/\/ambsantiago.esteri.it\/es\/wp-json\/wp\/v2\/media?parent=1195"}],"wp:term":[{"taxonomy":"post_tag","embeddable":true,"href":"https:\/\/ambsantiago.esteri.it\/es\/wp-json\/wp\/v2\/tags?post=1195"}],"curies":[{"name":"wp","href":"https:\/\/api.w.org\/{rel}","templated":true}]}}