{"id":1193,"date":"2021-04-12T17:05:24","date_gmt":"2021-04-12T21:05:24","guid":{"rendered":"https:\/\/ambsantiago.esteri.it\/news\/dall_ambasciata\/2021\/04\/incontro-bilaterale-sulla-biologia-2\/"},"modified":"2021-04-12T17:05:24","modified_gmt":"2021-04-12T21:05:24","slug":"incontro-bilaterale-sulla-biologia-2","status":"publish","type":"post","link":"https:\/\/ambsantiago.esteri.it\/es\/news\/dall_ambasciata\/2021\/04\/incontro-bilaterale-sulla-biologia-2\/","title":{"rendered":"Encuentro bilateral sobre la biolog\u00eda marina"},"content":{"rendered":"<p>Se ha realizado a inicio abril 2021 la primera reuni\u00f3n a nivel t\u00e9cnico sobre la Antartida, como seguimento al dialogo bilateral institucional que ha sido reanudado en diciembre 2020. El tema especifico ha sido la biolog\u00eda marina, la biodiversidad y el fr\u00e1gil ecosistema antartico.<\/p>\n<p>Han participado los representantes de los respectivos Ministerios de Relaciones Exteriores, el Presidente de la Comis\u00f3n Nacional cientifica para la Antartida, Prof. Onofri, y el Director del Instituto Nacional Antartico Chileno (INACH) Dr. Leppe, adem\u00e1s de un vasto grupo de cientificos e investigadores.\u00a0<\/p>\n<p>Las partes han acordado de seguir el dialogo tanto a nivel t\u00e9cnico como institucional, en vista de las proximas citas multilaterales.<\/p>\n<p>\u00a0<\/p>\n","protected":false},"excerpt":{"rendered":"Se ha realizado a inicio abril 2021 la primera reuni\u00f3n a nivel t\u00e9cnico sobre la Antartida, como seguimento al dialogo bilateral institucional que ha sido reanudado en diciembre 2020. El tema especifico ha sido la biolog\u00eda marina, la biodiversidad y el fr\u00e1gil ecosistema antartico. Han participado los representantes de los respectivos Ministerios de Relaciones Exteriores, [&hellip;]","protected":false},"author":1,"featured_media":0,"comment_status":"","ping_status":"","sticky":false,"template":"","format":"standard","meta":{"footnotes":""},"tags":[],"class_list":["post-1193","post","type-post","status-publish","format-standard","hentry"],"_links":{"self":[{"href":"https:\/\/ambsantiago.esteri.it\/es\/wp-json\/wp\/v2\/posts\/1193","targetHints":{"allow":["GET"]}}],"collection":[{"href":"https:\/\/ambsantiago.esteri.it\/es\/wp-json\/wp\/v2\/posts"}],"about":[{"href":"https:\/\/ambsantiago.esteri.it\/es\/wp-json\/wp\/v2\/types\/post"}],"author":[{"embeddable":true,"href":"https:\/\/ambsantiago.esteri.it\/es\/wp-json\/wp\/v2\/users\/1"}],"replies":[{"embeddable":true,"href":"https:\/\/ambsantiago.esteri.it\/es\/wp-json\/wp\/v2\/comments?post=1193"}],"version-history":[{"count":0,"href":"https:\/\/ambsantiago.esteri.it\/es\/wp-json\/wp\/v2\/posts\/1193\/revisions"}],"wp:attachment":[{"href":"https:\/\/ambsantiago.esteri.it\/es\/wp-json\/wp\/v2\/media?parent=1193"}],"wp:term":[{"taxonomy":"post_tag","embeddable":true,"href":"https:\/\/ambsantiago.esteri.it\/es\/wp-json\/wp\/v2\/tags?post=1193"}],"curies":[{"name":"wp","href":"https:\/\/api.w.org\/{rel}","templated":true}]}}