{"id":1191,"date":"2021-05-07T17:57:01","date_gmt":"2021-05-07T21:57:01","guid":{"rendered":"https:\/\/ambsantiago.esteri.it\/news\/dall_ambasciata\/2021\/05\/invito-a-manifestazione-di-interesse-2\/"},"modified":"2021-05-07T17:57:01","modified_gmt":"2021-05-07T21:57:01","slug":"invito-a-manifestazione-di-interesse-2","status":"publish","type":"post","link":"https:\/\/ambsantiago.esteri.it\/es\/news\/dall_ambasciata\/2021\/05\/invito-a-manifestazione-di-interesse-2\/","title":{"rendered":"INVITACION A MANIFESTAR INTERES EN AUSPICIAR EL CONCURSO POPULAR EN OCASION DE LA CELEBRACION DEL 2 DE JUNIO 2021"},"content":{"rendered":"<p>La Embajada de Italia en Santiago, en el marco del programa multimedia que ser\u00e1 transmitido en ocasi\u00f3n de las celebraciones del 2 de junio de 2021, <strong>Fiesta Nacional de la Rep\u00fablica Italiana<\/strong>, realizar\u00e1 el concurso popular \u00abMi palabra favorita en italiano es&#8230;\u00bb.<\/p>\n<p>Para la premiaci\u00f3n de los cinco ganadores de este concurso, la Embajada quiere ofrecer productos eno-gastronomicos italianos, a trav\u00e9s de la colaboraci\u00f3n y auspicio de sujetos p\u00fablicos y privados que, mediante oferta directa de bienes quieran promover su propia imagen, marcas y productos seg\u00fan las modalidades indicadas en el <a href=\"resource\/doc\/2021\/05\/avviso_sponsor_concorso.pdf\" onclick=\"window.open(this.href,'','scrollbars=yes,resizable=yes,location=yes,menubar=yes,status=yes,toolbar=yes,left=0,top=0');return false;\"><strong>AVVISO<\/strong><\/a>.<\/p>\n<p>\u00a0<\/p>\n","protected":false},"excerpt":{"rendered":"La Embajada de Italia en Santiago, en el marco del programa multimedia que ser\u00e1 transmitido en ocasi\u00f3n de las celebraciones del 2 de junio de 2021, Fiesta Nacional de la Rep\u00fablica Italiana, realizar\u00e1 el concurso popular \u00abMi palabra favorita en italiano es&#8230;\u00bb. Para la premiaci\u00f3n de los cinco ganadores de este concurso, la Embajada quiere [&hellip;]","protected":false},"author":1,"featured_media":0,"comment_status":"","ping_status":"","sticky":false,"template":"","format":"standard","meta":{"footnotes":""},"tags":[],"class_list":["post-1191","post","type-post","status-publish","format-standard","hentry"],"_links":{"self":[{"href":"https:\/\/ambsantiago.esteri.it\/es\/wp-json\/wp\/v2\/posts\/1191","targetHints":{"allow":["GET"]}}],"collection":[{"href":"https:\/\/ambsantiago.esteri.it\/es\/wp-json\/wp\/v2\/posts"}],"about":[{"href":"https:\/\/ambsantiago.esteri.it\/es\/wp-json\/wp\/v2\/types\/post"}],"author":[{"embeddable":true,"href":"https:\/\/ambsantiago.esteri.it\/es\/wp-json\/wp\/v2\/users\/1"}],"replies":[{"embeddable":true,"href":"https:\/\/ambsantiago.esteri.it\/es\/wp-json\/wp\/v2\/comments?post=1191"}],"version-history":[{"count":0,"href":"https:\/\/ambsantiago.esteri.it\/es\/wp-json\/wp\/v2\/posts\/1191\/revisions"}],"wp:attachment":[{"href":"https:\/\/ambsantiago.esteri.it\/es\/wp-json\/wp\/v2\/media?parent=1191"}],"wp:term":[{"taxonomy":"post_tag","embeddable":true,"href":"https:\/\/ambsantiago.esteri.it\/es\/wp-json\/wp\/v2\/tags?post=1191"}],"curies":[{"name":"wp","href":"https:\/\/api.w.org\/{rel}","templated":true}]}}