{"id":1186,"date":"2021-06-01T19:06:46","date_gmt":"2021-06-01T23:06:46","guid":{"rendered":"https:\/\/ambsantiago.esteri.it\/news\/dall_ambasciata\/2021\/06\/festa-della-repubblica-italiana-2\/"},"modified":"2021-06-01T19:06:46","modified_gmt":"2021-06-01T23:06:46","slug":"festa-della-repubblica-italiana-2","status":"publish","type":"post","link":"https:\/\/ambsantiago.esteri.it\/es\/news\/dall_ambasciata\/2021\/06\/festa-della-repubblica-italiana-2\/","title":{"rendered":"DIA NACIONAL DE ITALIA: 2 DE JUNIO 2021"},"content":{"rendered":"<p>Tenemos el agrado de invitarles a ser parte de las celebraciones del D\u00eda Nacional de Italia, el pr\u00f3ximo 2 de junio sum\u00e1ndose a la Marat\u00f3n de la Amistad entre Italia y Chile que ser\u00e1 transmitida a partir de las 15.00 en Facebook Embajada de Italia, IIC Santiago y Youtube Vai.cl.\u00a0<\/p>\n<p>A pesar de la distancia, celebraremos la amistad entre italian@s y chilen@s con un abrazo virtual hecho de cultura, tradici\u00f3n, gastronom\u00eda, innovaci\u00f3n y empat\u00eda.<\/p>\n<p>Nos acompa\u00f1ar\u00e1n artistas y personalidades del mundo cultural italiano y chileno, con un gui\u00f1o especial a la obra de Dante del cual conmemoramos este a\u00f1o el 700mo aniversario de su muerte.<\/p>\n<p>\u00a0<\/p>\n<p><a href=\"https:\/\/maratonamistad.vai.cl\/\">https:\/\/maratonamistad.vai.cl\/<\/a>\u00a0<\/p>\n","protected":false},"excerpt":{"rendered":"Tenemos el agrado de invitarles a ser parte de las celebraciones del D\u00eda Nacional de Italia, el pr\u00f3ximo 2 de junio sum\u00e1ndose a la Marat\u00f3n de la Amistad entre Italia y Chile que ser\u00e1 transmitida a partir de las 15.00 en Facebook Embajada de Italia, IIC Santiago y Youtube Vai.cl.\u00a0 A pesar de la distancia, [&hellip;]","protected":false},"author":1,"featured_media":0,"comment_status":"","ping_status":"","sticky":false,"template":"","format":"standard","meta":{"footnotes":""},"tags":[],"class_list":["post-1186","post","type-post","status-publish","format-standard","hentry"],"_links":{"self":[{"href":"https:\/\/ambsantiago.esteri.it\/es\/wp-json\/wp\/v2\/posts\/1186","targetHints":{"allow":["GET"]}}],"collection":[{"href":"https:\/\/ambsantiago.esteri.it\/es\/wp-json\/wp\/v2\/posts"}],"about":[{"href":"https:\/\/ambsantiago.esteri.it\/es\/wp-json\/wp\/v2\/types\/post"}],"author":[{"embeddable":true,"href":"https:\/\/ambsantiago.esteri.it\/es\/wp-json\/wp\/v2\/users\/1"}],"replies":[{"embeddable":true,"href":"https:\/\/ambsantiago.esteri.it\/es\/wp-json\/wp\/v2\/comments?post=1186"}],"version-history":[{"count":0,"href":"https:\/\/ambsantiago.esteri.it\/es\/wp-json\/wp\/v2\/posts\/1186\/revisions"}],"wp:attachment":[{"href":"https:\/\/ambsantiago.esteri.it\/es\/wp-json\/wp\/v2\/media?parent=1186"}],"wp:term":[{"taxonomy":"post_tag","embeddable":true,"href":"https:\/\/ambsantiago.esteri.it\/es\/wp-json\/wp\/v2\/tags?post=1186"}],"curies":[{"name":"wp","href":"https:\/\/api.w.org\/{rel}","templated":true}]}}