{"id":1174,"date":"2021-08-11T22:14:38","date_gmt":"2021-08-12T02:14:38","guid":{"rendered":"https:\/\/ambsantiago.esteri.it\/news\/dall_ambasciata\/2021\/08\/con-exposicion-magister-raffaello-2\/"},"modified":"2021-08-11T22:14:38","modified_gmt":"2021-08-12T02:14:38","slug":"con-exposicion-magister-raffaello-2","status":"publish","type":"post","link":"https:\/\/ambsantiago.esteri.it\/es\/news\/dall_ambasciata\/2021\/08\/con-exposicion-magister-raffaello-2\/","title":{"rendered":"CON EXPOSICI\u00d3N \u201cMAGISTER RAFFAELLO\u201d SE CELEBRA A RAFAEL SANZIO EN CHILE"},"content":{"rendered":"<p>La Embajada de Italia en Chile, el Instituto Italiano de Cultura de Santiago y Museo Artequin traen a Chile la exposici\u00f3n <strong>\u201cMagister Raffaello, un maravilloso viaje por el Renacimiento italiano\u201d.<\/strong> Una muestra multimedia para recorrer la obra, vida y aventuras de uno de los artistas m\u00e1s emblem\u00e1ticos del Renacimiento italiano, una nueva exposici\u00f3n que, gracias a recursos tecnol\u00f3gicos y<br \/>nuevos lenguajes medi\u00e1ticos, ofrece un viaje sin precedentes dentro del Renacimiento italiano. Podr\u00e1n vivirlo y visitarlo en persona, o mediante experiencias virtuales.<\/p>\n<p>Se trata de una muestra elaborada por la empresa italiana Magister Art, promovida por el Ministerio de Relaciones Exteriores Italiano en ocasi\u00f3n de las <strong>conmemoraciones del artista italiano a 500 a\u00f1os de su muerte<\/strong> (1483-1520).<\/p>\n<p>\u201cMagister Raffaello\u201d, de Magister Art, llegar\u00e1 a Chile tras haberse exhibido en Austria, Vietnam y M\u00e9xico. Desde el <strong>16 de septiembre al 26 de octubre de 2021 estar\u00e1 en Museo Artequin en Santiago<\/strong>.<\/p>\n<p>Los d\u00edas y horarios de visita est\u00e1n sujetos a confirmaci\u00f3n, ajust\u00e1ndose a las normas sanitarias vigentes para esa fecha en la comuna y ciudad respectiva. Toda la informaci\u00f3nser\u00e1 comunicada oportunamente a trav\u00e9s de las plataformas digitales y redes sociales de <a href=\"https:\/\/www.artequin.cl\/\" onclick=\"window.open(this.href,'','scrollbars=yes,resizable=yes,location=yes,menubar=yes,status=yes,toolbar=yes,left=0,top=0');return false;\">Museo Artequin.<\/a><\/p>\n<p>Vea el video de presentaci\u00f3n al siguiente link:<\/p>\n<p><a href=\"https:\/\/youtu.be\/hp8fMmc2M7Y\">https:\/\/youtu.be\/hp8fMmc2M7Y<\/a><\/p>\n","protected":false},"excerpt":{"rendered":"La Embajada de Italia en Chile, el Instituto Italiano de Cultura de Santiago y Museo Artequin traen a Chile la exposici\u00f3n \u201cMagister Raffaello, un maravilloso viaje por el Renacimiento italiano\u201d. Una muestra multimedia para recorrer la obra, vida y aventuras de uno de los artistas m\u00e1s emblem\u00e1ticos del Renacimiento italiano, una nueva exposici\u00f3n que, gracias [&hellip;]","protected":false},"author":1,"featured_media":0,"comment_status":"","ping_status":"","sticky":false,"template":"","format":"standard","meta":{"footnotes":""},"tags":[],"class_list":["post-1174","post","type-post","status-publish","format-standard","hentry"],"_links":{"self":[{"href":"https:\/\/ambsantiago.esteri.it\/es\/wp-json\/wp\/v2\/posts\/1174","targetHints":{"allow":["GET"]}}],"collection":[{"href":"https:\/\/ambsantiago.esteri.it\/es\/wp-json\/wp\/v2\/posts"}],"about":[{"href":"https:\/\/ambsantiago.esteri.it\/es\/wp-json\/wp\/v2\/types\/post"}],"author":[{"embeddable":true,"href":"https:\/\/ambsantiago.esteri.it\/es\/wp-json\/wp\/v2\/users\/1"}],"replies":[{"embeddable":true,"href":"https:\/\/ambsantiago.esteri.it\/es\/wp-json\/wp\/v2\/comments?post=1174"}],"version-history":[{"count":0,"href":"https:\/\/ambsantiago.esteri.it\/es\/wp-json\/wp\/v2\/posts\/1174\/revisions"}],"wp:attachment":[{"href":"https:\/\/ambsantiago.esteri.it\/es\/wp-json\/wp\/v2\/media?parent=1174"}],"wp:term":[{"taxonomy":"post_tag","embeddable":true,"href":"https:\/\/ambsantiago.esteri.it\/es\/wp-json\/wp\/v2\/tags?post=1174"}],"curies":[{"name":"wp","href":"https:\/\/api.w.org\/{rel}","templated":true}]}}