{"id":11097,"date":"2025-10-28T16:02:52","date_gmt":"2025-10-28T19:02:52","guid":{"rendered":"https:\/\/ambsantiago.esteri.it\/?p=11097"},"modified":"2025-10-28T16:16:03","modified_gmt":"2025-10-28T19:16:03","slug":"convocatoria-de-manifestaciones-de-interes-para-participar-en-las-actividades-de-la-x-semana-de-la-cocina-italiana-en-el-mundo-17-23-de-noviembre-de-2025","status":"publish","type":"post","link":"https:\/\/ambsantiago.esteri.it\/es\/news\/dall_ambasciata\/2025\/10\/convocatoria-de-manifestaciones-de-interes-para-participar-en-las-actividades-de-la-x-semana-de-la-cocina-italiana-en-el-mundo-17-23-de-noviembre-de-2025\/","title":{"rendered":"CONVOCATORIA DE MANIFESTACIONES DE INTER\u00c9S PARA PARTICIPAR EN LAS ACTIVIDADES DE LA X SEMANA DE LA COCINA ITALIANA EN EL MUNDO (17-23 DE NOVIEMBRE DE 2025)"},"content":{"rendered":"<p>Se invita a restaurantes e importadores de alimentos italianos a manifestar su inter\u00e9s en participar en las actividades programadas de la <strong>X Semana de la Cocina Italiana en el Mundo, que se realizar\u00e1 del 17 al 23 de noviembre de 2025<\/strong> en Santiago con algunos eventos abiertos al p\u00fablico en el <strong>Barrio Italia (22 al 23 de noviembre)<\/strong>.<\/p>\n<p>Para conocer el programa de actividades y c\u00f3mo participar, env\u00ede un correo electr\u00f3nico a <a href=\"mailto:ambsantiago.commerciale@esteri.it\">ambsantiago.commerciale@esteri.it<\/a>\u00a0 especificando en el asunto: Semana de la Cocina Italiana en el Mundo 2025.<\/p>\n<p>Las solicitudes de colaboraci\u00f3n estar\u00e1n sujetas a evaluaci\u00f3n antes de ser confirmadas.<\/p>\n<p>&nbsp;<\/p>\n","protected":false},"excerpt":{"rendered":"Se invita a restaurantes e importadores de alimentos italianos a manifestar su inter\u00e9s en participar en las actividades programadas de la X Semana de la Cocina Italiana en el Mundo, que se realizar\u00e1 del 17 al 23 de noviembre de 2025 en Santiago con algunos eventos abiertos al p\u00fablico en el Barrio Italia (22 al [&hellip;]","protected":false},"author":5,"featured_media":11100,"comment_status":"closed","ping_status":"closed","sticky":false,"template":"","format":"standard","meta":{"footnotes":""},"tags":[],"class_list":["post-11097","post","type-post","status-publish","format-standard","has-post-thumbnail","hentry"],"_links":{"self":[{"href":"https:\/\/ambsantiago.esteri.it\/es\/wp-json\/wp\/v2\/posts\/11097","targetHints":{"allow":["GET"]}}],"collection":[{"href":"https:\/\/ambsantiago.esteri.it\/es\/wp-json\/wp\/v2\/posts"}],"about":[{"href":"https:\/\/ambsantiago.esteri.it\/es\/wp-json\/wp\/v2\/types\/post"}],"author":[{"embeddable":true,"href":"https:\/\/ambsantiago.esteri.it\/es\/wp-json\/wp\/v2\/users\/5"}],"replies":[{"embeddable":true,"href":"https:\/\/ambsantiago.esteri.it\/es\/wp-json\/wp\/v2\/comments?post=11097"}],"version-history":[{"count":1,"href":"https:\/\/ambsantiago.esteri.it\/es\/wp-json\/wp\/v2\/posts\/11097\/revisions"}],"predecessor-version":[{"id":11104,"href":"https:\/\/ambsantiago.esteri.it\/es\/wp-json\/wp\/v2\/posts\/11097\/revisions\/11104"}],"wp:featuredmedia":[{"embeddable":true,"href":"https:\/\/ambsantiago.esteri.it\/es\/wp-json\/wp\/v2\/media\/11100"}],"wp:attachment":[{"href":"https:\/\/ambsantiago.esteri.it\/es\/wp-json\/wp\/v2\/media?parent=11097"}],"wp:term":[{"taxonomy":"post_tag","embeddable":true,"href":"https:\/\/ambsantiago.esteri.it\/es\/wp-json\/wp\/v2\/tags?post=11097"}],"curies":[{"name":"wp","href":"https:\/\/api.w.org\/{rel}","templated":true}]}}