{"id":10901,"date":"2025-10-17T11:15:07","date_gmt":"2025-10-17T14:15:07","guid":{"rendered":"https:\/\/ambsantiago.esteri.it\/?p=10901"},"modified":"2025-10-17T11:16:03","modified_gmt":"2025-10-17T14:16:03","slug":"semana-de-la-lengue-italiana-en-el-mundo-2025-nuevo-volumen-de-la-accademia-della-crusca-italofonia-lingua-oltre-i-confini","status":"publish","type":"post","link":"https:\/\/ambsantiago.esteri.it\/es\/news\/dall_ambasciata\/2025\/10\/semana-de-la-lengue-italiana-en-el-mundo-2025-nuevo-volumen-de-la-accademia-della-crusca-italofonia-lingua-oltre-i-confini\/","title":{"rendered":"SEMANA DE LA LENGUA ITALIANA EN EL MUNDO 2025. NUEVO VOLUMEN DE LA ACCADEMIA DELLA CRUSCA \u00abITALOFONIA. LINGUA OLTRE I CONFINI\u00bb"},"content":{"rendered":"<p data-start=\"0\" data-end=\"380\">La XXV edici\u00f3n de la Semana de la Lengua Italiana en el Mundo, que tiene lugar del 13 al 19 de octubre de 2025 y lleva por t\u00edtulo \u201cItalofon\u00eda: lengua m\u00e1s all\u00e1 de las fronteras\u201d, busca poner en valor el papel ling\u00fc\u00edstico, cultural y social del italiano en el mundo, imaginando una comunidad global unida por la pasi\u00f3n por nuestra lengua y por el profundo v\u00ednculo con Italia.<\/p>\n<p data-start=\"382\" data-end=\"757\">Con motivo de esta importante celebraci\u00f3n, la Accademia della Crusca ha realizado un volumen dedicado, editado por Annalisa Nesi y Bruno Moretti, titulado\u00a0<em data-start=\"549\" data-end=\"597\">\u201cItalofonia: lingua oltre i confini\u201d<\/em>. La obra celebra la belleza y la difusi\u00f3n del idioma italiano en el mundo, profundizando en sus din\u00e1micas y evoluciones m\u00e1s all\u00e1 de las fronteras nacionales.<\/p>\n<p data-start=\"759\" data-end=\"877\">El volumen est\u00e1 disponible de forma gratuita en formato digital PDF y EPUB.<br data-start=\"838\" data-end=\"841\" \/>Desc\u00e1rgalo en el siguiente\u00a0<a href=\"https:\/\/www.goware-apps.it\/free\/free_pub\/italofonia_crusca_2025\/italofonia_Crusca_2025_OMAGGIO.pdf\">enlace<\/a>.<\/p>\n<p data-start=\"879\" data-end=\"975\" data-is-last-node=\"\" data-is-only-node=\"\">\u00a1\u00danete a nosotros en la celebraci\u00f3n de la lengua italiana, puente cultural entre Italia y Chile!<\/p>\n","protected":false},"excerpt":{"rendered":"La XXV edici\u00f3n de la Semana de la Lengua Italiana en el Mundo, que tiene lugar del 13 al 19 de octubre de 2025 y lleva por t\u00edtulo \u201cItalofon\u00eda: lengua m\u00e1s all\u00e1 de las fronteras\u201d, busca poner en valor el papel ling\u00fc\u00edstico, cultural y social del italiano en el mundo, imaginando una comunidad global unida [&hellip;]","protected":false},"author":12,"featured_media":10892,"comment_status":"closed","ping_status":"closed","sticky":false,"template":"","format":"standard","meta":{"footnotes":""},"tags":[7,12],"class_list":["post-10901","post","type-post","status-publish","format-standard","has-post-thumbnail","hentry","tag-diplomazia-culturale","tag-italiani-nel-mondo"],"_links":{"self":[{"href":"https:\/\/ambsantiago.esteri.it\/es\/wp-json\/wp\/v2\/posts\/10901","targetHints":{"allow":["GET"]}}],"collection":[{"href":"https:\/\/ambsantiago.esteri.it\/es\/wp-json\/wp\/v2\/posts"}],"about":[{"href":"https:\/\/ambsantiago.esteri.it\/es\/wp-json\/wp\/v2\/types\/post"}],"author":[{"embeddable":true,"href":"https:\/\/ambsantiago.esteri.it\/es\/wp-json\/wp\/v2\/users\/12"}],"replies":[{"embeddable":true,"href":"https:\/\/ambsantiago.esteri.it\/es\/wp-json\/wp\/v2\/comments?post=10901"}],"version-history":[{"count":2,"href":"https:\/\/ambsantiago.esteri.it\/es\/wp-json\/wp\/v2\/posts\/10901\/revisions"}],"predecessor-version":[{"id":10906,"href":"https:\/\/ambsantiago.esteri.it\/es\/wp-json\/wp\/v2\/posts\/10901\/revisions\/10906"}],"wp:featuredmedia":[{"embeddable":true,"href":"https:\/\/ambsantiago.esteri.it\/es\/wp-json\/wp\/v2\/media\/10892"}],"wp:attachment":[{"href":"https:\/\/ambsantiago.esteri.it\/es\/wp-json\/wp\/v2\/media?parent=10901"}],"wp:term":[{"taxonomy":"post_tag","embeddable":true,"href":"https:\/\/ambsantiago.esteri.it\/es\/wp-json\/wp\/v2\/tags?post=10901"}],"curies":[{"name":"wp","href":"https:\/\/api.w.org\/{rel}","templated":true}]}}